{"id":9823,"date":"2021-09-16T12:15:09","date_gmt":"2021-09-16T10:15:09","guid":{"rendered":"https:\/\/agora.xtec.cat\/escolalavilapalamos\/?p=9823"},"modified":"2021-09-17T18:21:56","modified_gmt":"2021-09-17T16:21:56","slug":"informacio-de-laugment-del-preu-del-menu-menjador-escolar","status":"publish","type":"post","link":"https:\/\/agora.xtec.cat\/escolalavilapalamos\/general\/informacio-de-laugment-del-preu-del-menu-menjador-escolar\/","title":{"rendered":"Informaci\u00f3 de l&#8217;augment del preu del men\u00fa menjador escolar"},"content":{"rendered":"<p><a href=\"https:\/\/agora.xtec.cat\/escolalavilapalamos\/wp-content\/uploads\/usu897\/2021\/09\/coberts-24-unit-happie-colors-rb-menaje-hogar-cocina-cal-vidrier-ferreteria-art.jpg\"><img loading=\"lazy\" decoding=\"async\" class=\"alignleft size-medium wp-image-9824\" src=\"https:\/\/agora.xtec.cat\/escolalavilapalamos\/wp-content\/uploads\/usu897\/2021\/09\/coberts-24-unit-happie-colors-rb-menaje-hogar-cocina-cal-vidrier-ferreteria-art-300x300.jpg\" alt=\"\" width=\"300\" height=\"300\" srcset=\"https:\/\/agora.xtec.cat\/escolalavilapalamos\/wp-content\/uploads\/usu897\/2021\/09\/coberts-24-unit-happie-colors-rb-menaje-hogar-cocina-cal-vidrier-ferreteria-art-300x300.jpg 300w, https:\/\/agora.xtec.cat\/escolalavilapalamos\/wp-content\/uploads\/usu897\/2021\/09\/coberts-24-unit-happie-colors-rb-menaje-hogar-cocina-cal-vidrier-ferreteria-art-150x150.jpg 150w, https:\/\/agora.xtec.cat\/escolalavilapalamos\/wp-content\/uploads\/usu897\/2021\/09\/coberts-24-unit-happie-colors-rb-menaje-hogar-cocina-cal-vidrier-ferreteria-art.jpg 600w\" sizes=\"auto, (max-width: 300px) 100vw, 300px\" \/><\/a>Arran d\u2019algunes queixes que hem rebut de fam\u00edlies de les escoles de la zona sud ( Palam\u00f3s, Platja d&#8217;Aro, Calonge i Sant Feliu de Gu\u00edxols) per <strong>l\u2019augment del preu del men\u00fa<\/strong> respecte al preu que hi havia en l\u2019anterior contracte, a continuaci\u00f3 us expliquem els motius d\u2019aquest augment.<\/p>\n<p>El preu del men\u00fa es defineix d&#8217;acord amb les condicions del contracte del servei i de l&#8217;oferta econ\u00f2mica que presenten les empreses.<\/p>\n<p>Pel que fa a l\u2019oferta econ\u00f2mica, el curs passat gestionava el servei Eurest Catalunya, S.L., que \u00e9s l\u2019empresa que va guanyar la licitaci\u00f3 per als cursos 2017-2018, 2018-2019, 2019-2020 i 2020-2021. Aquesta empresa va oferir un preu molt competitiu respecte a la resta. \u00c9s per aix\u00f2 que el preu que han pagat les fam\u00edlies durant aquests cursos ha estat de 5,55 \u20ac\/men\u00fa. \u00a0En canvi, en el contracte anterior al d\u2019Eurest (cursos escolars 2015-2016 i 2016-2017), quan qui va gestionar el servei als menjadors gestionats pel Consell Comarcal era l\u2019empresa C\u00e0tering Vilanova, S.L., les fam\u00edlies havien pagat 6,15 \u20ac\/men\u00fa.<\/p>\n<p>Quant a les condicions del contracte que iniciem a partir d&#8217;aquest nou curs escolar, sabeu que aquestes han canviat i que hem incorporat aspectes que requereixen un cost m\u00e9s alt. S\u00f3n requisits que hem recollit de vosaltres i de les fam\u00edlies, arran de les diverses reunions que hem tingut de les comissions de menjador i tamb\u00e9 del grup motor que vam crear per millorar la part educativa de l\u2019espai del migdia. Aquestes condicions s\u00f3n, sobretot, millores laborals del personal: c\u00e0rrecs de coordinaci\u00f3 a partir de 40 usuaris, jornades indirectes &#8211; fora de l&#8217;horari de servei &#8211; per a tot el personal de monitoratge, ampliacions d&#8217;horaris en algunes funcions determinades, formaci\u00f3 remunerada per a tot el personal, etc. A m\u00e9s d&#8217;aquesta part social, destacar que la r\u00e0tio del nombre d&#8217;alumnat\/monitor \u00e9s inferior a la que marca el Departament i tamb\u00e9 que s&#8217;han incorporat noves millores aliment\u00e0ries com per exemple el peix fresc una vegada al mes, entre d&#8217;altres.<\/p>\n<p>\u00c9s per tot aix\u00f2 que el preu del men\u00fa ha augmentat.<\/p>\n<p>Des del Consell Comarcal hem fet una aposta per aquestes millores en el servei perqu\u00e8 estem conven\u00e7uts que incidiran de manera positiva en la salut, el benestar i l&#8217;educaci\u00f3 en bons h\u00e0bits alimentaris de l\u2019alumnat usuari del menjador escolar.<\/p>\n<p>Salutacions<\/p>\n<p>Consell Comarcal del Baix Empord\u00e0<\/p>\n<p>Escola La Vila<\/p>\n","protected":false},"excerpt":{"rendered":"<p><a href=\"https:\/\/agora.xtec.cat\/escolalavilapalamos\/wp-content\/uploads\/usu897\/2021\/09\/coberts-24-unit-happie-colors-rb-menaje-hogar-cocina-cal-vidrier-ferreteria-art.jpg\"><\/a>Arran d\u2019algunes queixes que hem rebut de fam\u00edlies de les escoles de la zona sud ( Palam\u00f3s, Platja d&#8217;Aro, Calonge i Sant Feliu de Gu\u00edxols) per l\u2019augment del preu del men\u00fa respecte al preu que hi havia en l\u2019anterior contracte, a continuaci\u00f3 us expliquem&hellip;  <a href=\"https:\/\/agora.xtec.cat\/escolalavilapalamos\/general\/informacio-de-laugment-del-preu-del-menu-menjador-escolar\/\" title=\"Read Informaci\u00f3 de l&#8217;augment del preu del men\u00fa menjador escolar\">Llegeix m\u00e9s\u00bb<\/a><\/p>\n","protected":false},"author":1,"featured_media":9824,"comment_status":"open","ping_status":"closed","sticky":false,"template":"","format":"standard","meta":{"_bbp_topic_count":0,"_bbp_reply_count":0,"_bbp_total_topic_count":0,"_bbp_total_reply_count":0,"_bbp_voice_count":0,"_bbp_anonymous_reply_count":0,"_bbp_topic_count_hidden":0,"_bbp_reply_count_hidden":0,"_bbp_forum_subforum_count":0,"footnotes":""},"categories":[1,4],"tags":[],"class_list":["post-9823","post","type-post","status-publish","format-standard","has-post-thumbnail","hentry","category-general","category-portada"],"post_mailing_queue_ids":[],"_links":{"self":[{"href":"https:\/\/agora.xtec.cat\/escolalavilapalamos\/wp-json\/wp\/v2\/posts\/9823","targetHints":{"allow":["GET"]}}],"collection":[{"href":"https:\/\/agora.xtec.cat\/escolalavilapalamos\/wp-json\/wp\/v2\/posts"}],"about":[{"href":"https:\/\/agora.xtec.cat\/escolalavilapalamos\/wp-json\/wp\/v2\/types\/post"}],"author":[{"embeddable":true,"href":"https:\/\/agora.xtec.cat\/escolalavilapalamos\/wp-json\/wp\/v2\/users\/1"}],"replies":[{"embeddable":true,"href":"https:\/\/agora.xtec.cat\/escolalavilapalamos\/wp-json\/wp\/v2\/comments?post=9823"}],"version-history":[{"count":1,"href":"https:\/\/agora.xtec.cat\/escolalavilapalamos\/wp-json\/wp\/v2\/posts\/9823\/revisions"}],"predecessor-version":[{"id":9825,"href":"https:\/\/agora.xtec.cat\/escolalavilapalamos\/wp-json\/wp\/v2\/posts\/9823\/revisions\/9825"}],"wp:featuredmedia":[{"embeddable":true,"href":"https:\/\/agora.xtec.cat\/escolalavilapalamos\/wp-json\/wp\/v2\/media\/9824"}],"wp:attachment":[{"href":"https:\/\/agora.xtec.cat\/escolalavilapalamos\/wp-json\/wp\/v2\/media?parent=9823"}],"wp:term":[{"taxonomy":"category","embeddable":true,"href":"https:\/\/agora.xtec.cat\/escolalavilapalamos\/wp-json\/wp\/v2\/categories?post=9823"},{"taxonomy":"post_tag","embeddable":true,"href":"https:\/\/agora.xtec.cat\/escolalavilapalamos\/wp-json\/wp\/v2\/tags?post=9823"}],"curies":[{"name":"wp","href":"https:\/\/api.w.org\/{rel}","templated":true}]}}