{"id":9780,"date":"2021-09-01T08:00:24","date_gmt":"2021-09-01T06:00:24","guid":{"rendered":"http:\/\/agora.xtec.cat\/escolalavilapalamos\/?p=9780"},"modified":"2021-09-30T09:42:16","modified_gmt":"2021-09-30T07:42:16","slug":"informacio-del-curs-21-22","status":"publish","type":"post","link":"https:\/\/agora.xtec.cat\/escolalavilapalamos\/general\/informacio-del-curs-21-22\/","title":{"rendered":"Informaci\u00f3 del curs 21-22"},"content":{"rendered":"<h4><a href=\"https:\/\/agora.xtec.cat\/escolalavilapalamos\/wp-content\/uploads\/usu897\/2021\/07\/Objetivos-de-desarrollo-sostenible-ods.png\"><img loading=\"lazy\" decoding=\"async\" class=\"size-medium wp-image-9783 alignright\" src=\"https:\/\/agora.xtec.cat\/escolalavilapalamos\/wp-content\/uploads\/usu897\/2021\/07\/Objetivos-de-desarrollo-sostenible-ods-300x300.png\" alt=\"\" width=\"300\" height=\"300\" srcset=\"https:\/\/agora.xtec.cat\/escolalavilapalamos\/wp-content\/uploads\/usu897\/2021\/07\/Objetivos-de-desarrollo-sostenible-ods-300x300.png 300w, https:\/\/agora.xtec.cat\/escolalavilapalamos\/wp-content\/uploads\/usu897\/2021\/07\/Objetivos-de-desarrollo-sostenible-ods-150x150.png 150w, https:\/\/agora.xtec.cat\/escolalavilapalamos\/wp-content\/uploads\/usu897\/2021\/07\/Objetivos-de-desarrollo-sostenible-ods.png 466w\" sizes=\"auto, (max-width: 300px) 100vw, 300px\" \/><\/a>Informaci\u00f3 del curs 21-22<\/h4>\n<p>El proper curs les classes s\u2019iniciaran <strong>el dilluns 13 de setembre<\/strong> en horari de mat\u00ed i tarda per Educaci\u00f3 Infantil i Prim\u00e0ria. Horari a l\u2019escola: 8:30\ud83d\udd63 a 12:00\ud83d\udd5b i de 14:30\ud83d\udd5da 16:00\ud83d\udd53. Amb la present tamb\u00e9 us volem convidar a participar en la din\u00e0mica del centre. Un centre acollidor on cadascun dels seus sectors educatius intenta ser un element viu i actiu de la formaci\u00f3 dels vostres fills i filles.<\/p>\n<p><strong>Fam\u00edlies de P3<\/strong>. Els\/les alumnes de P3 del 12 al 17 de setembre faran horari d\u2019adaptaci\u00f3 nom\u00e9s als matins. A les tardes es fan entrevistes amb les fam\u00edlies. Per correu electr\u00f2nic heu rebut l\u2019horari d\u2019adaptaci\u00f3 del vostre fill\/a: <a href=\"https:\/\/drive.google.com\/file\/d\/18BUMReYrOJ-6GKVaAEPJ7a5BHatiI_jU\/view?usp=sharing\">Informaci\u00f3 grup 1<\/a>, <a href=\"https:\/\/drive.google.com\/file\/d\/1Kx0IGw9nc4ktr57L7JCmd4xKzhMHtHOY\/view?usp=sharing\">informaci\u00f3 grup 2.<\/a><\/p>\n<p class=\"Default\">El servei de menjador escolar i d\u2019acollida comen\u00e7a el dilluns 13 de setembre amb normalitat. Per quedar-se al menjador de l\u2019escola consulteu la web: <a href=\"https:\/\/www.baixemporda.cat\/ca\/carta-de-serveis\/ensenyament\">https:\/\/www.baixemporda.cat\/ca\/carta-de-serveis\/ensenyament<\/a>. Per deixar a la mainada a acollida consulteu a: <a href=\"https:\/\/sites.google.com\/view\/ampalavila\/inici\/acollida\">https:\/\/sites.google.com\/view\/ampalavila\/inici\/acollida<\/a><\/p>\n<p><strong>Reunions d&#8217;inici de curs: <\/strong>presencials als patis de l&#8217;escola <strong><br \/>\n<\/strong><\/p>\n<p>Comunitat de petits: dimecres 8 de setembre a les 19h<\/p>\n<p>Comunitat de mitjans: dimarts\u00a0 14 de setembre a les 19h<\/p>\n<p>Comunitat de grans: dimecres 15 de setembre a les 19h<\/p>\n<header><\/header>\n<div class=\"entry-content\">\n<p>Tamb\u00e9 hi haur\u00e0\u00a0<strong>reuni\u00f3 de menjador escolar pels usuaris del servei a finals de setembre.<br \/>\n<\/strong><\/p>\n<p>La informaci\u00f3 de l\u2019AMPA sobre xandalls, bates, acollida matinal i extraescolars la podreu consultar a la\u00a0<a href=\"https:\/\/sites.google.com\/view\/ampalavila\">web de l\u2019AMPA<\/a>.<i><br \/>\n<\/i><\/p>\n<p><strong>Tota la informaci\u00f3 del proper curs escolar 2021-22 la teniu en els seg\u00fcents enlla\u00e7os:<\/strong><\/p>\n<p><a href=\"https:\/\/drive.google.com\/file\/d\/1KiZPvbexaS25LaCLy6SgSmciIMPEZlwU\/view?usp=sharing\">Carta de benvinguda al nou curs 2021-22<\/a><\/p>\n<p><a href=\"https:\/\/drive.google.com\/file\/d\/1l7lgG_VvoIa5CLchP9pe56ObRxMvNRPw\/view?usp=sharing\">Quotes d\u2019inici de curs Escola La Vila 2021-22<\/a> (pagament fins el 30 de juny). <a href=\"https:\/\/drive.google.com\/file\/d\/10IJql8Ms_uera4k_dOQJJqFv5uc2IPat\/view?usp=sharing\">Qu\u00e8 es cobreix amb la quota d&#8217;inici de curs ?<\/a><\/p>\n<p><a href=\"https:\/\/drive.google.com\/file\/d\/1PC-NNSKberUSEqHZKZybV2PdUMffWK3S\/view?usp=sharing\">Quotes AMPA i material escolar 2021-22<\/a> (pagament mesos de juliol i agost)<\/p>\n<p>Llistat del material escolar curs 2021-22. Qu\u00e8 es cobreix amb la quota de material que pago a l&#8217;AMPA? <a href=\"https:\/\/drive.google.com\/file\/d\/1un22RI9vLyj19RrWB_R3z-13y8X9PvjL\/view?usp=sharing\">Comunitat de Petits<\/a>, <a href=\"https:\/\/drive.google.com\/file\/d\/1glK6A_89DVp9Anp9aMh4-KMsWaBdP7cW\/view?usp=sharing\">comunitat de mitjans<\/a> i <a href=\"https:\/\/drive.google.com\/file\/d\/1Oc1Sbn7O33mnbLFR5x51Li_JZfL0vbaV\/view?usp=sharing\">comunitat de grans<\/a>\u00a0 <strong>(No s\u2019ha de comprar, se\u2019l troben a l\u2019aula el primer dia d\u2019escola)<\/strong><\/p>\n<p>Tamb\u00e9 podeu demanar informaci\u00f3 de tot all\u00f2 que no us quedi clar a trav\u00e9s del correu electr\u00f2nic\u00a0<a href=\"mailto:b7002560@xtec.cat\">b7002569@xtec.cat<\/a>.<\/p>\n<\/div>\n","protected":false},"excerpt":{"rendered":"<p><a href=\"https:\/\/agora.xtec.cat\/escolalavilapalamos\/wp-content\/uploads\/usu897\/2021\/07\/Objetivos-de-desarrollo-sostenible-ods.png\"><\/a>Informaci\u00f3 del curs 21-22<br \/>\nEl proper curs les classes s\u2019iniciaran el dilluns 13 de setembre en horari de mat\u00ed i tarda per Educaci\u00f3 Infantil i Prim\u00e0ria. Horari a l\u2019escola: 8:30\ud83d\udd63 a 12:00\ud83d\udd5b i de 14:30\ud83d\udd5da 16:00\ud83d\udd53. Amb la present tamb\u00e9 us volem convidar a participar&hellip;  <a href=\"https:\/\/agora.xtec.cat\/escolalavilapalamos\/general\/informacio-del-curs-21-22\/\" title=\"Read Informaci\u00f3 del curs 21-22\">Llegeix m\u00e9s\u00bb<\/a><\/p>\n","protected":false},"author":1,"featured_media":9783,"comment_status":"open","ping_status":"closed","sticky":false,"template":"","format":"standard","meta":{"_bbp_topic_count":0,"_bbp_reply_count":0,"_bbp_total_topic_count":0,"_bbp_total_reply_count":0,"_bbp_voice_count":0,"_bbp_anonymous_reply_count":0,"_bbp_topic_count_hidden":0,"_bbp_reply_count_hidden":0,"_bbp_forum_subforum_count":0,"footnotes":""},"categories":[128,127,2,1,4],"tags":[],"class_list":["post-9780","post","type-post","status-publish","format-standard","has-post-thumbnail","hentry","category-comunitat-de-grans","category-comunitat-de-mitjans","category-infantil","category-general","category-portada"],"post_mailing_queue_ids":[],"_links":{"self":[{"href":"https:\/\/agora.xtec.cat\/escolalavilapalamos\/wp-json\/wp\/v2\/posts\/9780","targetHints":{"allow":["GET"]}}],"collection":[{"href":"https:\/\/agora.xtec.cat\/escolalavilapalamos\/wp-json\/wp\/v2\/posts"}],"about":[{"href":"https:\/\/agora.xtec.cat\/escolalavilapalamos\/wp-json\/wp\/v2\/types\/post"}],"author":[{"embeddable":true,"href":"https:\/\/agora.xtec.cat\/escolalavilapalamos\/wp-json\/wp\/v2\/users\/1"}],"replies":[{"embeddable":true,"href":"https:\/\/agora.xtec.cat\/escolalavilapalamos\/wp-json\/wp\/v2\/comments?post=9780"}],"version-history":[{"count":4,"href":"https:\/\/agora.xtec.cat\/escolalavilapalamos\/wp-json\/wp\/v2\/posts\/9780\/revisions"}],"predecessor-version":[{"id":9859,"href":"https:\/\/agora.xtec.cat\/escolalavilapalamos\/wp-json\/wp\/v2\/posts\/9780\/revisions\/9859"}],"wp:featuredmedia":[{"embeddable":true,"href":"https:\/\/agora.xtec.cat\/escolalavilapalamos\/wp-json\/wp\/v2\/media\/9783"}],"wp:attachment":[{"href":"https:\/\/agora.xtec.cat\/escolalavilapalamos\/wp-json\/wp\/v2\/media?parent=9780"}],"wp:term":[{"taxonomy":"category","embeddable":true,"href":"https:\/\/agora.xtec.cat\/escolalavilapalamos\/wp-json\/wp\/v2\/categories?post=9780"},{"taxonomy":"post_tag","embeddable":true,"href":"https:\/\/agora.xtec.cat\/escolalavilapalamos\/wp-json\/wp\/v2\/tags?post=9780"}],"curies":[{"name":"wp","href":"https:\/\/api.w.org\/{rel}","templated":true}]}}