{"id":9777,"date":"2021-07-09T10:07:23","date_gmt":"2021-07-09T08:07:23","guid":{"rendered":"http:\/\/agora.xtec.cat\/escolalavilapalamos\/?p=9777"},"modified":"2021-07-12T10:09:43","modified_gmt":"2021-07-12T08:09:43","slug":"primer-contacte-amb-la-comunitat-de-centres-referents-del-laboratori-de-transformacio-educativa","status":"publish","type":"post","link":"https:\/\/agora.xtec.cat\/escolalavilapalamos\/general\/primer-contacte-amb-la-comunitat-de-centres-referents-del-laboratori-de-transformacio-educativa\/","title":{"rendered":"Primer contacte amb la comunitat de centres referents del Laboratori de transformaci\u00f3 educativa"},"content":{"rendered":"<p><img loading=\"lazy\" decoding=\"async\" class=\"alignleft wp-image-9778\" src=\"https:\/\/agora.xtec.cat\/escolalavilapalamos\/wp-content\/uploads\/usu897\/2021\/07\/Captura-2021-07-10-a-les-17.30.00-300x131.jpg\" alt=\"\" width=\"401\" height=\"175\" srcset=\"https:\/\/agora.xtec.cat\/escolalavilapalamos\/wp-content\/uploads\/usu897\/2021\/07\/Captura-2021-07-10-a-les-17.30.00-300x131.jpg 300w, https:\/\/agora.xtec.cat\/escolalavilapalamos\/wp-content\/uploads\/usu897\/2021\/07\/Captura-2021-07-10-a-les-17.30.00-768x334.jpg 768w, https:\/\/agora.xtec.cat\/escolalavilapalamos\/wp-content\/uploads\/usu897\/2021\/07\/Captura-2021-07-10-a-les-17.30.00-1024x446.jpg 1024w, https:\/\/agora.xtec.cat\/escolalavilapalamos\/wp-content\/uploads\/usu897\/2021\/07\/Captura-2021-07-10-a-les-17.30.00.jpg 1620w\" sizes=\"auto, (max-width: 401px) 100vw, 401px\" \/>El divendres 9 de juliol hem realitzat el primer contacte amb els 12 centres educatius que hem esdevingut membres de la <a href=\"https:\/\/projectes.xtec.cat\/transformacioenxarxa\/\"><strong>Comunitat de Centres Referents del Laboratori de Transformaci\u00f3 Educativa<\/strong><\/a>.<\/p>\n<p>Un repte i una responsabilitat pert\u00e0nyer a aquesta estructura que ens ajudar\u00e0 a seguir creixent, compartir i aprendre amb la resta de centres referents i amb la Subdirecci\u00f3 d&#8217; Innovaci\u00f3 educativa del Departament d&#8217;Educaci\u00f3. Una xarxa que busca la transformaci\u00f3 dels centres per\u00f2 tamb\u00e9 del sistema educatiu per adaptar-lo a les noves necessitats de l&#8217;alumnat, dels docents i de les comunitats educatives.<\/p>\n<p>Molt content de poder formar-hi part despr\u00e9s de la facilitaci\u00f3 rebuda per la Merc\u00e8 Sayos, mestra de l&#8217;Escola de Vall-llobrega, i aconseguir ser centre avan\u00e7at acompanyat d&#8217;un munt de centres de Catalunya. Les escoles referents d&#8217;arreu tenim l&#8217;objectiu de transformar el sistema educatiu de Catalunya.<\/p>\n","protected":false},"excerpt":{"rendered":"<p>El divendres 9 de juliol hem realitzat el primer contacte amb els 12 centres educatius que hem esdevingut membres de la <a href=\"https:\/\/projectes.xtec.cat\/transformacioenxarxa\/\">Comunitat de Centres Referents del Laboratori de Transformaci\u00f3 Educativa<\/a>.<br \/>\nUn repte i una responsabilitat pert\u00e0nyer a aquesta estructura que ens ajudar\u00e0 a seguir creixent,&hellip;  <a href=\"https:\/\/agora.xtec.cat\/escolalavilapalamos\/general\/primer-contacte-amb-la-comunitat-de-centres-referents-del-laboratori-de-transformacio-educativa\/\" title=\"Read Primer contacte amb la comunitat de centres referents del Laboratori de transformaci\u00f3 educativa\">Llegeix m\u00e9s\u00bb<\/a><\/p>\n","protected":false},"author":1,"featured_media":9778,"comment_status":"open","ping_status":"closed","sticky":false,"template":"","format":"standard","meta":{"_bbp_topic_count":0,"_bbp_reply_count":0,"_bbp_total_topic_count":0,"_bbp_total_reply_count":0,"_bbp_voice_count":0,"_bbp_anonymous_reply_count":0,"_bbp_topic_count_hidden":0,"_bbp_reply_count_hidden":0,"_bbp_forum_subforum_count":0,"footnotes":""},"categories":[1,4],"tags":[],"class_list":["post-9777","post","type-post","status-publish","format-standard","has-post-thumbnail","hentry","category-general","category-portada"],"post_mailing_queue_ids":[],"_links":{"self":[{"href":"https:\/\/agora.xtec.cat\/escolalavilapalamos\/wp-json\/wp\/v2\/posts\/9777","targetHints":{"allow":["GET"]}}],"collection":[{"href":"https:\/\/agora.xtec.cat\/escolalavilapalamos\/wp-json\/wp\/v2\/posts"}],"about":[{"href":"https:\/\/agora.xtec.cat\/escolalavilapalamos\/wp-json\/wp\/v2\/types\/post"}],"author":[{"embeddable":true,"href":"https:\/\/agora.xtec.cat\/escolalavilapalamos\/wp-json\/wp\/v2\/users\/1"}],"replies":[{"embeddable":true,"href":"https:\/\/agora.xtec.cat\/escolalavilapalamos\/wp-json\/wp\/v2\/comments?post=9777"}],"version-history":[{"count":1,"href":"https:\/\/agora.xtec.cat\/escolalavilapalamos\/wp-json\/wp\/v2\/posts\/9777\/revisions"}],"predecessor-version":[{"id":9779,"href":"https:\/\/agora.xtec.cat\/escolalavilapalamos\/wp-json\/wp\/v2\/posts\/9777\/revisions\/9779"}],"wp:featuredmedia":[{"embeddable":true,"href":"https:\/\/agora.xtec.cat\/escolalavilapalamos\/wp-json\/wp\/v2\/media\/9778"}],"wp:attachment":[{"href":"https:\/\/agora.xtec.cat\/escolalavilapalamos\/wp-json\/wp\/v2\/media?parent=9777"}],"wp:term":[{"taxonomy":"category","embeddable":true,"href":"https:\/\/agora.xtec.cat\/escolalavilapalamos\/wp-json\/wp\/v2\/categories?post=9777"},{"taxonomy":"post_tag","embeddable":true,"href":"https:\/\/agora.xtec.cat\/escolalavilapalamos\/wp-json\/wp\/v2\/tags?post=9777"}],"curies":[{"name":"wp","href":"https:\/\/api.w.org\/{rel}","templated":true}]}}