{"id":9772,"date":"2021-06-22T15:30:11","date_gmt":"2021-06-22T13:30:11","guid":{"rendered":"http:\/\/agora.xtec.cat\/escolalavilapalamos\/?p=9772"},"modified":"2021-06-22T15:35:15","modified_gmt":"2021-06-22T13:35:15","slug":"bona-festa-major","status":"publish","type":"post","link":"https:\/\/agora.xtec.cat\/escolalavilapalamos\/general\/bona-festa-major\/","title":{"rendered":"Bona Festa Major !"},"content":{"rendered":"<p><a href=\"https:\/\/agora.xtec.cat\/escolalavilapalamos\/wp-content\/uploads\/usu897\/2021\/06\/198960945_2360331677434402_6010453539312433153_n.jpg\"><img loading=\"lazy\" decoding=\"async\" class=\"wp-image-9773 alignright\" src=\"https:\/\/agora.xtec.cat\/escolalavilapalamos\/wp-content\/uploads\/usu897\/2021\/06\/198960945_2360331677434402_6010453539312433153_n-300x300.jpg\" alt=\"\" width=\"394\" height=\"394\" srcset=\"https:\/\/agora.xtec.cat\/escolalavilapalamos\/wp-content\/uploads\/usu897\/2021\/06\/198960945_2360331677434402_6010453539312433153_n-300x300.jpg 300w, https:\/\/agora.xtec.cat\/escolalavilapalamos\/wp-content\/uploads\/usu897\/2021\/06\/198960945_2360331677434402_6010453539312433153_n-150x150.jpg 150w, https:\/\/agora.xtec.cat\/escolalavilapalamos\/wp-content\/uploads\/usu897\/2021\/06\/198960945_2360331677434402_6010453539312433153_n-768x768.jpg 768w, https:\/\/agora.xtec.cat\/escolalavilapalamos\/wp-content\/uploads\/usu897\/2021\/06\/198960945_2360331677434402_6010453539312433153_n-1024x1024.jpg 1024w, https:\/\/agora.xtec.cat\/escolalavilapalamos\/wp-content\/uploads\/usu897\/2021\/06\/198960945_2360331677434402_6010453539312433153_n.jpg 1755w\" sizes=\"auto, (max-width: 394px) 100vw, 394px\" \/><\/a>Enguany el programa de la Festa Major de Palam\u00f3s 2021, seguir\u00e0 amb les recomanacions i oferir\u00e0 un programa adaptat a les normes de seguretat sanit\u00e0ries. Tal com ja es va fer l\u2019any passat s\u2019adapta el programa per tal de prevenir contagis per la Covid.<\/p>\n<p>Des de les \u00e0rees de Cultura i de Joventut, amb la participaci\u00f3 de la resta de serveis municipals implicats, s\u2019ha treballat en la proposta d\u2019actes que permetin la realitzaci\u00f3 d\u2019esdeveniments culturals, l\u00fadics i festius en espais a l\u2019aire lliure, amb un aforament limitat i garantint totes les mesures de seguretat sanit\u00e0ria.<\/p>\n<div dir=\"auto\">Aquest any la Festa Major afegeix una nova ubicaci\u00f3, el nou ESPAI FESTA a la pla\u00e7a Josep Sarquella. Per\u00f2 tamb\u00e9 amb activitats al passeig, a l\u2019Arbreda, al Teatre, a Galeries Carme, entre d\u2019altres.<\/div>\n<div dir=\"auto\"><\/div>\n<div dir=\"auto\">A partie del dilluns 7 de juny a les 9h podreu agafar les entrades a trav\u00e9s del portal web de:<a tabindex=\"0\" role=\"link\" href=\"https:\/\/l.facebook.com\/l.php?u=http%3A%2F%2Fwww.lagorga.cat%2F%3Ffbclid%3DIwAR1bbtWDBXNYfJxDUAYYxPot-YabH9CnpYtFVVdyi41CFnq8FcxgBCf7FHI&amp;h=AT0eJi2i6T7Ba5U4Yh60hfwbtPjRPtQEaooMN8Xo9CNkbWcrDDGbVcJoyeZcAe07-FQt_AVSbXEvKWAdpwmO9bQMh_PN1FrIQDB0tO7R3zY0PywJp-CexgGN_1zGFfV_gg&amp;__tn__=-UK-y-R&amp;c[0]=AT3Sg5_BVFSJZ-9WqIhD6CtRBSJTAqjYT3WQPr5FZzJrvEw24hWN0KfpGKTHHJ-QpXXemmlzsB6w_Qsb87tVo8dKkdq4CMWIU80JPH0i7_qknG1ggWYdKuOMkkLZC_9RdJN1p5JD_drF2zIJUA5j96remzVceIfrlhnRg6-pL0oHXh1a9bdDILqm0uw0PZoJGyByn543RAgZt8vmgmLmznOhQH2dEAEuRIukRhrBotiq0lAjQMUMj8ss\" target=\"_blank\" rel=\"nofollow noopener noreferrer\">www.lagorga.cat<\/a><\/div>\n<div dir=\"auto\"><\/div>\n<div dir=\"auto\">Un any m\u00e9s es descarten els balls o les activitats multitudin\u00e0ries, com les tradicionals \u201cBarraques\u201d que tenen lloc a la platja Gran.<\/div>\n<p>Tamb\u00e9 podeu consultar el programa:\u00a0<a class=\"item-download\" href=\"https:\/\/visitpalamos.cat\/wp-content\/uploads\/2021\/06\/PROGRAMA_Festa_Major_2021.pdf\" target=\"_blank\" rel=\"noopener noreferrer\">https:\/\/visitpalamos.cat\/wp-content\/uploads\/2021\/06\/PROGRAMA_Festa_Major_2021.pdf<\/a><\/p>\n<p>&nbsp;<\/p>\n","protected":false},"excerpt":{"rendered":"<p><a href=\"https:\/\/agora.xtec.cat\/escolalavilapalamos\/wp-content\/uploads\/usu897\/2021\/06\/198960945_2360331677434402_6010453539312433153_n.jpg\"><\/a>Enguany el programa de la Festa Major de Palam\u00f3s 2021, seguir\u00e0 amb les recomanacions i oferir\u00e0 un programa adaptat a les normes de seguretat sanit\u00e0ries. Tal com ja es va fer l\u2019any passat s\u2019adapta el programa per tal de prevenir contagis per la Covid.<br \/>\nDes&hellip;  <a href=\"https:\/\/agora.xtec.cat\/escolalavilapalamos\/general\/bona-festa-major\/\" title=\"Read Bona Festa Major !\">Llegeix m\u00e9s\u00bb<\/a><\/p>\n","protected":false},"author":1,"featured_media":9773,"comment_status":"open","ping_status":"closed","sticky":false,"template":"","format":"standard","meta":{"_bbp_topic_count":0,"_bbp_reply_count":0,"_bbp_total_topic_count":0,"_bbp_total_reply_count":0,"_bbp_voice_count":0,"_bbp_anonymous_reply_count":0,"_bbp_topic_count_hidden":0,"_bbp_reply_count_hidden":0,"_bbp_forum_subforum_count":0,"footnotes":""},"categories":[1,4],"tags":[],"class_list":["post-9772","post","type-post","status-publish","format-standard","has-post-thumbnail","hentry","category-general","category-portada"],"post_mailing_queue_ids":[],"_links":{"self":[{"href":"https:\/\/agora.xtec.cat\/escolalavilapalamos\/wp-json\/wp\/v2\/posts\/9772","targetHints":{"allow":["GET"]}}],"collection":[{"href":"https:\/\/agora.xtec.cat\/escolalavilapalamos\/wp-json\/wp\/v2\/posts"}],"about":[{"href":"https:\/\/agora.xtec.cat\/escolalavilapalamos\/wp-json\/wp\/v2\/types\/post"}],"author":[{"embeddable":true,"href":"https:\/\/agora.xtec.cat\/escolalavilapalamos\/wp-json\/wp\/v2\/users\/1"}],"replies":[{"embeddable":true,"href":"https:\/\/agora.xtec.cat\/escolalavilapalamos\/wp-json\/wp\/v2\/comments?post=9772"}],"version-history":[{"count":3,"href":"https:\/\/agora.xtec.cat\/escolalavilapalamos\/wp-json\/wp\/v2\/posts\/9772\/revisions"}],"predecessor-version":[{"id":9776,"href":"https:\/\/agora.xtec.cat\/escolalavilapalamos\/wp-json\/wp\/v2\/posts\/9772\/revisions\/9776"}],"wp:featuredmedia":[{"embeddable":true,"href":"https:\/\/agora.xtec.cat\/escolalavilapalamos\/wp-json\/wp\/v2\/media\/9773"}],"wp:attachment":[{"href":"https:\/\/agora.xtec.cat\/escolalavilapalamos\/wp-json\/wp\/v2\/media?parent=9772"}],"wp:term":[{"taxonomy":"category","embeddable":true,"href":"https:\/\/agora.xtec.cat\/escolalavilapalamos\/wp-json\/wp\/v2\/categories?post=9772"},{"taxonomy":"post_tag","embeddable":true,"href":"https:\/\/agora.xtec.cat\/escolalavilapalamos\/wp-json\/wp\/v2\/tags?post=9772"}],"curies":[{"name":"wp","href":"https:\/\/api.w.org\/{rel}","templated":true}]}}