{"id":977,"date":"2019-03-05T07:30:14","date_gmt":"2019-03-05T06:30:14","guid":{"rendered":"http:\/\/agora.xtec.cat\/escolalavilapalamos\/?p=977"},"modified":"2019-03-06T17:09:25","modified_gmt":"2019-03-06T16:09:25","slug":"el-dentista-a-lescola","status":"publish","type":"post","link":"https:\/\/agora.xtec.cat\/escolalavilapalamos\/general\/el-dentista-a-lescola\/","title":{"rendered":"El dentista a l&#8217;escola"},"content":{"rendered":"<p><img loading=\"lazy\" decoding=\"async\" class=\"alignleft\" src=\"https:\/\/cuentitosenverso.files.wordpress.com\/2014\/03\/dientes-fuertes.jpg\" width=\"233\" height=\"294\" \/><\/p>\n<p>El dijous 7 i divendres 8 de mar\u00e7 el servei d&#8217;odontologia de l&#8217;\u00c0rea B\u00e0sica de Salut de Palam\u00f3s ve a l&#8217;escola a fer <strong>les revisions bucodentals<\/strong>. Les revisions es faran als alumnes de 1r i 6\u00e8 a la mateixa escola. Les fam\u00edlies rebran una carta del CAP amb la informaci\u00f3 pertinent, i passada la revisi\u00f3 rebran un informe del nen\/a.<\/p>\n<p>Us podeu descarregar la circular aqu\u00ed ( en breu )<\/p>\n<p>M\u00e9s informaci\u00f3 al <a href=\"http:\/\/canalsalut.gencat.cat\/ca\/vida-saludable\/etapes-de-la-vida\/infants_adolescencia\/#bloc7\">Canal salut <\/a>de la Generalitat de Catalunya<\/p>\n","protected":false},"excerpt":{"rendered":"<p>El dijous 7 i divendres 8 de mar\u00e7 el servei d&#8217;odontologia de l&#8217;\u00c0rea B\u00e0sica de Salut de Palam\u00f3s ve a l&#8217;escola a fer les revisions bucodentals. Les revisions es faran als alumnes de 1r i 6\u00e8 a la mateixa escola. Les fam\u00edlies rebran una carta&hellip;  <a href=\"https:\/\/agora.xtec.cat\/escolalavilapalamos\/general\/el-dentista-a-lescola\/\" title=\"Read El dentista a l&#8217;escola\">Llegeix m\u00e9s\u00bb<\/a><\/p>\n","protected":false},"author":1,"featured_media":1041,"comment_status":"open","ping_status":"closed","sticky":false,"template":"","format":"standard","meta":{"_bbp_topic_count":0,"_bbp_reply_count":0,"_bbp_total_topic_count":0,"_bbp_total_reply_count":0,"_bbp_voice_count":0,"_bbp_anonymous_reply_count":0,"_bbp_topic_count_hidden":0,"_bbp_reply_count_hidden":0,"_bbp_forum_subforum_count":0,"footnotes":""},"categories":[15,7,1,4,5],"tags":[],"class_list":["post-977","post","type-post","status-publish","format-standard","has-post-thumbnail","hentry","category-6e","category-ampa","category-general","category-portada","category-primaria"],"post_mailing_queue_ids":[],"_links":{"self":[{"href":"https:\/\/agora.xtec.cat\/escolalavilapalamos\/wp-json\/wp\/v2\/posts\/977","targetHints":{"allow":["GET"]}}],"collection":[{"href":"https:\/\/agora.xtec.cat\/escolalavilapalamos\/wp-json\/wp\/v2\/posts"}],"about":[{"href":"https:\/\/agora.xtec.cat\/escolalavilapalamos\/wp-json\/wp\/v2\/types\/post"}],"author":[{"embeddable":true,"href":"https:\/\/agora.xtec.cat\/escolalavilapalamos\/wp-json\/wp\/v2\/users\/1"}],"replies":[{"embeddable":true,"href":"https:\/\/agora.xtec.cat\/escolalavilapalamos\/wp-json\/wp\/v2\/comments?post=977"}],"version-history":[{"count":3,"href":"https:\/\/agora.xtec.cat\/escolalavilapalamos\/wp-json\/wp\/v2\/posts\/977\/revisions"}],"predecessor-version":[{"id":5332,"href":"https:\/\/agora.xtec.cat\/escolalavilapalamos\/wp-json\/wp\/v2\/posts\/977\/revisions\/5332"}],"wp:featuredmedia":[{"embeddable":true,"href":"https:\/\/agora.xtec.cat\/escolalavilapalamos\/wp-json\/wp\/v2\/media\/1041"}],"wp:attachment":[{"href":"https:\/\/agora.xtec.cat\/escolalavilapalamos\/wp-json\/wp\/v2\/media?parent=977"}],"wp:term":[{"taxonomy":"category","embeddable":true,"href":"https:\/\/agora.xtec.cat\/escolalavilapalamos\/wp-json\/wp\/v2\/categories?post=977"},{"taxonomy":"post_tag","embeddable":true,"href":"https:\/\/agora.xtec.cat\/escolalavilapalamos\/wp-json\/wp\/v2\/tags?post=977"}],"curies":[{"name":"wp","href":"https:\/\/api.w.org\/{rel}","templated":true}]}}