{"id":9729,"date":"2021-06-07T12:25:23","date_gmt":"2021-06-07T10:25:23","guid":{"rendered":"http:\/\/agora.xtec.cat\/escolalavilapalamos\/?p=9729"},"modified":"2021-06-18T12:26:24","modified_gmt":"2021-06-18T10:26:24","slug":"periode-de-matriculacio-a-infantil-i-primaria-3","status":"publish","type":"post","link":"https:\/\/agora.xtec.cat\/escolalavilapalamos\/general\/periode-de-matriculacio-a-infantil-i-primaria-3\/","title":{"rendered":"Per\u00edode de matriculaci\u00f3 a Infantil i Prim\u00e0ria"},"content":{"rendered":"<div class=\"entry-content\">\n<p>D<a href=\"http:\/\/agora.xtec.cat\/escolalavilapalamos\/wp-content\/uploads\/usu897\/2014\/10\/matricula.jpg\"><img loading=\"lazy\" decoding=\"async\" class=\" wp-image-1671 alignright\" src=\"http:\/\/agora.xtec.cat\/escolalavilapalamos\/wp-content\/uploads\/usu897\/2014\/10\/matricula.jpg\" sizes=\"auto, (max-width: 248px) 100vw, 248px\" srcset=\"https:\/\/agora.xtec.cat\/escolalavilapalamos\/wp-content\/uploads\/usu897\/2014\/10\/matricula.jpg 320w, https:\/\/agora.xtec.cat\/escolalavilapalamos\/wp-content\/uploads\/usu897\/2014\/10\/matricula-294x300.jpg 294w\" alt=\"matricula\" width=\"248\" height=\"253\" \/><\/a>el\u00a0<strong>dilluns 14 al divendres 18 de juny<\/strong> s\u2019obre el per\u00edode per formalitzar la\u00a0<strong>matr\u00edcula dels alumnes d\u2019educaci\u00f3 infantil i prim\u00e0ria pel curs 2021-22. <\/strong>Cal que consulteu la llista d\u2019admesos del per\u00edode de la preinscripci\u00f3 que trobareu penjada aqu\u00ed i al taulell d\u2019anuncis de l\u2019escola, per saber si podeu matricular el nen\/a. <strong>La llista d\u2019admesos es penja el dilluns 7 de juny.<\/strong><\/p>\n<p>Els alumnes que no formalitzen la matr\u00edcula en el per\u00edode establert <strong>es considera que renuncien a la pla\u00e7a adjudicada.<\/strong><\/p>\n<p>Tota\u00a0<strong>la documentaci\u00f3<\/strong> per la matr\u00edcula us <a href=\"https:\/\/drive.google.com\/file\/d\/1jLjdyjk5D7QbfmRGROw9c9GYdGryjokn\/view?usp=sharing\">la podeu descarregar aqu\u00ed<\/a>.\u00a0 <a href=\"https:\/\/drive.google.com\/file\/d\/1DVVMgPSUJq4BcvydFNb-nK35HCPFaY4q\/view?usp=sharing\">Nota informativa.<\/a> <a href=\"https:\/\/drive.google.com\/file\/d\/1LTAxcxacDO32yEfkVdQMgY4C8Gr8Yswt\/view?usp=sharing\">Carta de comprom\u00eds.<\/a><\/p>\n<p><a href=\"https:\/\/drive.google.com\/drive\/folders\/1rNP76fZkaS2R88vAPdZNpPYMlXB_9g_q?usp=sharing\">Aqu\u00ed trobareu tota la documentaci\u00f3<\/a> per formalitzar la matr\u00edcula (documents per separat)<\/p>\n<p><a href=\"https:\/\/drive.google.com\/file\/d\/1Ai1GSHZ7t5u-ZfbqQ_UcrtmtmYEyVZJa\/view?usp=sharing\">Quotes d\u2019inici de curs per alumnes nous del curs 21-22<\/a>. <strong>Per\u00edode de pagament fins el 30 de juny.<\/strong><\/p>\n<p><strong>Podeu recollir i presentar la documentaci\u00f3 per formalitzar la matr\u00edcula a la secretaria de l&#8217;escola. Horari de 8:30 a 14h<br \/>\n<\/strong><\/p>\n<p>S\u2019ha de fer arribar a l\u2019escola <strong>el document de matr\u00edcula<\/strong>, <strong>fotoc\u00f2pia del llibre de vacunes, la targeta sanit\u00e0ria i una fotografia<\/strong> mida carnet del\/de la vostre\/a fill\/a.<\/p>\n<p><a href=\"https:\/\/drive.google.com\/file\/d\/1J6FD746800UPA_JTa0i7V7zfGnK0gqMs\/view?usp=sharing\">Llistat d&#8217;alumnes admesos a l&#8217;Escola La Vila<\/a><\/p>\n<p><a href=\"https:\/\/drive.google.com\/file\/d\/1w_JHZ75HvlrtE9-dVUedFoWTStc-JqFg\/view?usp=sharing\">Llista d&#8217;alumnes en llista d&#8217;espera<\/a><\/p>\n<p><a href=\"https:\/\/drive.google.com\/file\/d\/1ySVUlWg5KcbxujRCfHoWe0a2m1ET1Lak\/view?usp=sharing\">Llistat d&#8217;alumnes amb centre assignat que van presentar preinscripci\u00f3 a l&#8217;escola<\/a><\/p>\n<p>Es pot presentar una reclamaci\u00f3 a la llista d\u2019admesos a la Comissi\u00f3 de Garanties del proc\u00e9s de preinscripci\u00f3 de Palam\u00f3s. Per fer la reclamaci\u00f3 s\u2019ha d\u2019omplir el full de reclamaci\u00f3 i presentar-lo a la secretaria o b\u00e9 enviar-lo a l\u2019escola al correu <a href=\"mailto:b7002569@xtec.cat\"><strong>b7002569@xtec.cat<\/strong><\/a><\/p>\n<p><a href=\"https:\/\/drive.google.com\/file\/d\/1uk6evvOb4_tbDyiGxEO89L9S5qDjblxG\/view?usp=sharing\">Nota informativa a les fam\u00edlies sobre les reclamacions<\/a>. <a href=\"https:\/\/drive.google.com\/file\/d\/1AVqRfSozxXSGfTx2SjlVRDqSnCrfQBfH\/view?usp=sharing\">Full de reclamacions a la comissi\u00f3<\/a><\/p>\n<p>M\u00e9s informaci\u00f3 a la\u00a0<a href=\"http:\/\/queestudiar.gencat.cat\/ca\/preinscripcio\/estudis\/obligatoris\/matricula\/\">web del Departament d\u2019Ensenyament<\/a>.<\/p>\n<\/div>\n","protected":false},"excerpt":{"rendered":"<p>D<a href=\"http:\/\/agora.xtec.cat\/escolalavilapalamos\/wp-content\/uploads\/usu897\/2014\/10\/matricula.jpg\"><\/a>el\u00a0dilluns 14 al divendres 18 de juny s\u2019obre el per\u00edode per formalitzar la\u00a0matr\u00edcula dels alumnes d\u2019educaci\u00f3 infantil i prim\u00e0ria pel curs 2021-22. Cal que consulteu la llista d\u2019admesos del per\u00edode de la preinscripci\u00f3 que trobareu penjada aqu\u00ed i al taulell d\u2019anuncis de l\u2019escola, per&hellip;  <a href=\"https:\/\/agora.xtec.cat\/escolalavilapalamos\/general\/periode-de-matriculacio-a-infantil-i-primaria-3\/\" title=\"Read Per\u00edode de matriculaci\u00f3 a Infantil i Prim\u00e0ria\">Llegeix m\u00e9s\u00bb<\/a><\/p>\n","protected":false},"author":1,"featured_media":1671,"comment_status":"open","ping_status":"closed","sticky":false,"template":"","format":"standard","meta":{"_bbp_topic_count":0,"_bbp_reply_count":0,"_bbp_total_topic_count":0,"_bbp_total_reply_count":0,"_bbp_voice_count":0,"_bbp_anonymous_reply_count":0,"_bbp_topic_count_hidden":0,"_bbp_reply_count_hidden":0,"_bbp_forum_subforum_count":0,"footnotes":""},"categories":[1,4],"tags":[],"class_list":["post-9729","post","type-post","status-publish","format-standard","has-post-thumbnail","hentry","category-general","category-portada"],"post_mailing_queue_ids":[],"_links":{"self":[{"href":"https:\/\/agora.xtec.cat\/escolalavilapalamos\/wp-json\/wp\/v2\/posts\/9729","targetHints":{"allow":["GET"]}}],"collection":[{"href":"https:\/\/agora.xtec.cat\/escolalavilapalamos\/wp-json\/wp\/v2\/posts"}],"about":[{"href":"https:\/\/agora.xtec.cat\/escolalavilapalamos\/wp-json\/wp\/v2\/types\/post"}],"author":[{"embeddable":true,"href":"https:\/\/agora.xtec.cat\/escolalavilapalamos\/wp-json\/wp\/v2\/users\/1"}],"replies":[{"embeddable":true,"href":"https:\/\/agora.xtec.cat\/escolalavilapalamos\/wp-json\/wp\/v2\/comments?post=9729"}],"version-history":[{"count":1,"href":"https:\/\/agora.xtec.cat\/escolalavilapalamos\/wp-json\/wp\/v2\/posts\/9729\/revisions"}],"predecessor-version":[{"id":9730,"href":"https:\/\/agora.xtec.cat\/escolalavilapalamos\/wp-json\/wp\/v2\/posts\/9729\/revisions\/9730"}],"wp:featuredmedia":[{"embeddable":true,"href":"https:\/\/agora.xtec.cat\/escolalavilapalamos\/wp-json\/wp\/v2\/media\/1671"}],"wp:attachment":[{"href":"https:\/\/agora.xtec.cat\/escolalavilapalamos\/wp-json\/wp\/v2\/media?parent=9729"}],"wp:term":[{"taxonomy":"category","embeddable":true,"href":"https:\/\/agora.xtec.cat\/escolalavilapalamos\/wp-json\/wp\/v2\/categories?post=9729"},{"taxonomy":"post_tag","embeddable":true,"href":"https:\/\/agora.xtec.cat\/escolalavilapalamos\/wp-json\/wp\/v2\/tags?post=9729"}],"curies":[{"name":"wp","href":"https:\/\/api.w.org\/{rel}","templated":true}]}}