{"id":9720,"date":"2021-06-17T11:53:00","date_gmt":"2021-06-17T09:53:00","guid":{"rendered":"http:\/\/agora.xtec.cat\/escolalavilapalamos\/?p=9720"},"modified":"2021-06-21T11:09:42","modified_gmt":"2021-06-21T09:09:42","slug":"beques-creu-roja-3","status":"publish","type":"post","link":"https:\/\/agora.xtec.cat\/escolalavilapalamos\/general\/beques-creu-roja-3\/","title":{"rendered":"Beques Creu Roja"},"content":{"rendered":"<p><img loading=\"lazy\" decoding=\"async\" class=\"wp-image-1452 alignright\" src=\"http:\/\/agora.xtec.cat\/escolalavilapalamos\/wp-content\/uploads\/usu897\/2017\/05\/photo.jpg\" alt=\"photo\" width=\"245\" height=\"245\" srcset=\"https:\/\/agora.xtec.cat\/escolalavilapalamos\/wp-content\/uploads\/usu897\/2017\/05\/photo.jpg 900w, https:\/\/agora.xtec.cat\/escolalavilapalamos\/wp-content\/uploads\/usu897\/2017\/05\/photo-150x150.jpg 150w, https:\/\/agora.xtec.cat\/escolalavilapalamos\/wp-content\/uploads\/usu897\/2017\/05\/photo-300x300.jpg 300w, https:\/\/agora.xtec.cat\/escolalavilapalamos\/wp-content\/uploads\/usu897\/2017\/05\/photo-768x768.jpg 768w\" sizes=\"auto, (max-width: 245px) 100vw, 245px\" \/>Creu Roja de Palam\u00f3s inicia el <b>Projecte de concessi\u00f3 d\u2019ajuts pel retorn a l\u2019escola<\/b> <b>pel proper curs 2021\/2022 <\/b>per alumnes matriculats als centres educatius de Palam\u00f3s, des de P-3 (infantil) a 4art ESO.<\/p>\n<p>Amb aquest projecte Creu Roja de Palam\u00f3s t\u00e9 l\u2019objectiu de donar suport a les fam\u00edlies i unitats convivencials per tal de promoure i afavorir l\u2019acc\u00e9s dels seus fills i filles a una educaci\u00f3 en igualtat de condicions, mitjan\u00e7ant el pagament de les despeses d\u2019escolaritzaci\u00f3 que s\u2019acordin amb cada un dels centres educatius: matr\u00edcules, material escolar, quotes de l\u2019AMPA&#8230;<\/p>\n<p>Aquest any s\u2019han redactat unes bases reguladores de la convocat\u00f2ria que tenen per objectiu la regulaci\u00f3 d\u2019aquests ajuts i donar m\u00e0xima transpar\u00e8ncia a tot el proc\u00e9s. <a href=\"https:\/\/drive.google.com\/file\/d\/1rH_h569au-Gm45ZMM5c39yNAC9iDXenf\/view?usp=sharing\">S\u2019ajunten les bases de la convocat\u00f2ria<\/a>.<\/p>\n<p><strong>Les persones interessades hauran d\u2019adre\u00e7ar-se, presencialment, a la Creu Roja de Palam\u00f3s, entre els dies 5 i 16 de Juliol, amb horari de 9 h a 13 h i presentar aquesta sol\u00b7licitud i la documentaci\u00f3 que se\u2019ls requereix. <\/strong><\/p>\n<p><strong>Us podeu descarregar <a href=\"https:\/\/drive.google.com\/file\/d\/1kq5GE0wcVsp7FeSpDOGA025S5xPzch4U\/view?usp=sharing\">la circular<\/a> i el <a href=\"https:\/\/drive.google.com\/file\/d\/1uuBSH5CfWdbZxfThhTG7gInRo585k8tW\/view?usp=sharing\">model de sol\u00b7licitud i requisits<\/a>.<br \/>\n<\/strong><\/p>\n<p>La Creu Roja resoldr\u00e0 les sol\u00b7licituds presentades en funci\u00f3 de diferents criteris de valoraci\u00f3 que tenen en compte el llindar de renda i altres aspectes de valoraci\u00f3 social que s\u2019especifiquen al punt 6 de les bases.<\/p>\n<p>Per l&#8217;elecci\u00f3 dels beneficiaris es realitzar\u00e0 una valoraci\u00f3 per part de Creu Roja, que tindr\u00e0 en compte: ingressos de les llars, condicions d&#8217;especial vulnerabilitat &#8211; fam\u00edlies nombroses, monoparentals o amb membres amb discapacitats-\u00a0 i el comprom\u00eds i la participaci\u00f3 a les activitats que proposi Creu Roja en relaci\u00f3 a la concessi\u00f3 d\u2019aquests ajuts.<\/p>\n<p><u>El Calendari \u00e9s el seg\u00fcent:<\/u><\/p>\n<p>Del 5 al 16 de juliol \u00a0 \u00a0\u00a0 Termini de presentaci\u00f3 de la documentaci\u00f3<\/p>\n<p>Fins el 13 d&#8217; agost \u00a0\u00a0 \u00a0\u00a0\u00a0 Avaluaci\u00f3 i estudi dels casos per part de Creu Roja Palam\u00f3s<\/p>\n<p><span lang=\"CA\">10 de setembre\u00a0\u00a0\u00a0\u00a0\u00a0\u00a0\u00a0\u00a0\u00a0\u00a0 <\/span><span lang=\"CA\">\u00a0Publicaci\u00f3 del llistat de Beneficiaris i difusi\u00f3 a les escoles<\/span><\/p>\n<p>Per m\u00e9s informaci\u00f3 consulteu la web de la\u00a0<a href=\"http:\/\/www.cruzroja.es\/portal\/page?_pageid=569,12324472&amp;_dad=portal30&amp;_schema=PORTAL30&amp;P_CENT=14963\">Creu Roja de Palam\u00f3s<\/a><\/p>\n","protected":false},"excerpt":{"rendered":"<p>Creu Roja de Palam\u00f3s inicia el Projecte de concessi\u00f3 d\u2019ajuts pel retorn a l\u2019escola pel proper curs 2021\/2022 per alumnes matriculats als centres educatius de Palam\u00f3s, des de P-3 (infantil) a 4art ESO.<br \/>\nAmb aquest projecte Creu Roja de Palam\u00f3s t\u00e9 l\u2019objectiu de donar suport a&hellip;  <a href=\"https:\/\/agora.xtec.cat\/escolalavilapalamos\/general\/beques-creu-roja-3\/\" title=\"Read Beques Creu Roja\">Llegeix m\u00e9s\u00bb<\/a><\/p>\n","protected":false},"author":1,"featured_media":1452,"comment_status":"open","ping_status":"closed","sticky":false,"template":"","format":"standard","meta":{"_bbp_topic_count":0,"_bbp_reply_count":0,"_bbp_total_topic_count":0,"_bbp_total_reply_count":0,"_bbp_voice_count":0,"_bbp_anonymous_reply_count":0,"_bbp_topic_count_hidden":0,"_bbp_reply_count_hidden":0,"_bbp_forum_subforum_count":0,"footnotes":""},"categories":[1,4],"tags":[],"class_list":["post-9720","post","type-post","status-publish","format-standard","has-post-thumbnail","hentry","category-general","category-portada"],"post_mailing_queue_ids":[],"_links":{"self":[{"href":"https:\/\/agora.xtec.cat\/escolalavilapalamos\/wp-json\/wp\/v2\/posts\/9720","targetHints":{"allow":["GET"]}}],"collection":[{"href":"https:\/\/agora.xtec.cat\/escolalavilapalamos\/wp-json\/wp\/v2\/posts"}],"about":[{"href":"https:\/\/agora.xtec.cat\/escolalavilapalamos\/wp-json\/wp\/v2\/types\/post"}],"author":[{"embeddable":true,"href":"https:\/\/agora.xtec.cat\/escolalavilapalamos\/wp-json\/wp\/v2\/users\/1"}],"replies":[{"embeddable":true,"href":"https:\/\/agora.xtec.cat\/escolalavilapalamos\/wp-json\/wp\/v2\/comments?post=9720"}],"version-history":[{"count":3,"href":"https:\/\/agora.xtec.cat\/escolalavilapalamos\/wp-json\/wp\/v2\/posts\/9720\/revisions"}],"predecessor-version":[{"id":9728,"href":"https:\/\/agora.xtec.cat\/escolalavilapalamos\/wp-json\/wp\/v2\/posts\/9720\/revisions\/9728"}],"wp:featuredmedia":[{"embeddable":true,"href":"https:\/\/agora.xtec.cat\/escolalavilapalamos\/wp-json\/wp\/v2\/media\/1452"}],"wp:attachment":[{"href":"https:\/\/agora.xtec.cat\/escolalavilapalamos\/wp-json\/wp\/v2\/media?parent=9720"}],"wp:term":[{"taxonomy":"category","embeddable":true,"href":"https:\/\/agora.xtec.cat\/escolalavilapalamos\/wp-json\/wp\/v2\/categories?post=9720"},{"taxonomy":"post_tag","embeddable":true,"href":"https:\/\/agora.xtec.cat\/escolalavilapalamos\/wp-json\/wp\/v2\/tags?post=9720"}],"curies":[{"name":"wp","href":"https:\/\/api.w.org\/{rel}","templated":true}]}}