{"id":9715,"date":"2021-06-15T09:22:51","date_gmt":"2021-06-15T07:22:51","guid":{"rendered":"http:\/\/agora.xtec.cat\/escolalavilapalamos\/?p=9715"},"modified":"2021-06-22T14:43:03","modified_gmt":"2021-06-22T12:43:03","slug":"els-mossos-desquadra-a-lescola-2","status":"publish","type":"post","link":"https:\/\/agora.xtec.cat\/escolalavilapalamos\/general\/els-mossos-desquadra-a-lescola-2\/","title":{"rendered":"Els mossos d&#8217;esquadra a l&#8217;escola"},"content":{"rendered":"<p><a href=\"http:\/\/agora.xtec.cat\/escolalavilapalamos\/wp-content\/uploads\/usu897\/2018\/04\/Emblema_de_los_Mossos_dEsquadra.svg_.png\"><img loading=\"lazy\" decoding=\"async\" class=\"wp-image-2764 alignright\" src=\"http:\/\/agora.xtec.cat\/escolalavilapalamos\/wp-content\/uploads\/usu897\/2018\/04\/Emblema_de_los_Mossos_dEsquadra.svg_-1024x1024.png\" alt=\"\" width=\"232\" height=\"232\" srcset=\"https:\/\/agora.xtec.cat\/escolalavilapalamos\/wp-content\/uploads\/usu897\/2018\/04\/Emblema_de_los_Mossos_dEsquadra.svg_-1024x1024.png 1024w, https:\/\/agora.xtec.cat\/escolalavilapalamos\/wp-content\/uploads\/usu897\/2018\/04\/Emblema_de_los_Mossos_dEsquadra.svg_-150x150.png 150w, https:\/\/agora.xtec.cat\/escolalavilapalamos\/wp-content\/uploads\/usu897\/2018\/04\/Emblema_de_los_Mossos_dEsquadra.svg_-300x300.png 300w, https:\/\/agora.xtec.cat\/escolalavilapalamos\/wp-content\/uploads\/usu897\/2018\/04\/Emblema_de_los_Mossos_dEsquadra.svg_-768x768.png 768w, https:\/\/agora.xtec.cat\/escolalavilapalamos\/wp-content\/uploads\/usu897\/2018\/04\/Emblema_de_los_Mossos_dEsquadra.svg_.png 1200w\" sizes=\"auto, (max-width: 232px) 100vw, 232px\" \/><\/a>El <strong>dimecres 16 de juny<\/strong> en Manel Dom\u00e8nech i en David Cruz del cos de Mossos d&#8217;esquadra vindran a l&#8217;escola La Vila a fer una xerrada als alumnes de 6\u00e8. La xerrada anir\u00e0 al voltant de l&#8217;\u00fas de les xarxes socials, la import\u00e0ncia de no fer p\u00fabliques les dades personals, l&#8217;\u00fas del tel\u00e8fon m\u00f2bil, el ciberbulling, etc.<\/p>\n<p>Vivim en un m\u00f3n globalitzat i en una societat hiper connectada. Com ho podem fer per ajudar als nens i adolescents a gestionar la seva pres\u00e8ncia online? En aquesta xerrada en Manel\u00a0 parlar\u00e0 sobre com ajudar als nois i noies de 6\u00e8 a fer un bon \u00fas del m\u00f2bil i les xarxes socials.<\/p>\n<p>\u00c9s important destacar tres q\u00fcestions claus:<\/p>\n<ul>\n<li>La tecnologia \u00e9s una eina i n\u2019ho s\u2019ha de convertir en el centre de la seva activitat di\u00e0ria.<\/li>\n<li>Treballar la responsabilitat dels joves envers l\u2019\u00fas de les TIC.<\/li>\n<li>Cal que prenguin consci\u00e8ncia de la import\u00e0ncia de l\u2019\u00fas que se\u2019n fa i que s\u2019acostumin a gestionar i limitar el temps que destinen a les TIC.<\/li>\n<\/ul>\n<p>El mes de febrer es celebra el <em>Dia Internacional de la Internet Segura<\/em>. L&#8217;objectiu \u00e9s conscienciar sobre l&#8217;\u00fas de la xarxa, sobretot entre el p\u00fablic m\u00e9s jove. Aquest pot ser un bon motiu per realitzar activitats al voltant d&#8217;una compet\u00e8ncia b\u00e0sica de l&#8217;\u00e0mbit digital com \u00e9s<strong> l&#8217;\u00fas responsable de la xarxa.\u00a0<\/strong><\/p>\n<p>El Departament d&#8217;Ensenyament posa a l&#8217;abast dels centres educatius de Catalunya materials did\u00e0ctics per treballar el tema a l&#8217;aula mitjan\u00e7ant unitats did\u00e0ctiques d&#8217;una sessi\u00f3 de classe. Internet segura. <a href=\"http:\/\/xtec.gencat.cat\/ca\/recursos\/tecinformacio\/internet_segura\/diainternet\/index.html\">Materials did\u00e0ctics<\/a>. <a href=\"http:\/\/xtec.gencat.cat\/ca\/recursos\/tecinformacio\/internet_segura\/\">Internet segura a l&#8217;xtec. <\/a><\/p>\n<p>Trobareu jocs i activitats d&#8217;Internet segura a <a href=\"https:\/\/edu365.cat\/internetsegura\/index.html\">https:\/\/edu365.cat\/internetsegura\/index.html<\/a><\/p>\n","protected":false},"excerpt":{"rendered":"<p><a href=\"http:\/\/agora.xtec.cat\/escolalavilapalamos\/wp-content\/uploads\/usu897\/2018\/04\/Emblema_de_los_Mossos_dEsquadra.svg_.png\"><\/a>El dimecres 16 de juny en Manel Dom\u00e8nech i en David Cruz del cos de Mossos d&#8217;esquadra vindran a l&#8217;escola La Vila a fer una xerrada als alumnes de 6\u00e8. La xerrada anir\u00e0 al voltant de l&#8217;\u00fas de les xarxes socials, la import\u00e0ncia de&hellip;  <a href=\"https:\/\/agora.xtec.cat\/escolalavilapalamos\/general\/els-mossos-desquadra-a-lescola-2\/\" title=\"Read Els mossos d&#8217;esquadra a l&#8217;escola\">Llegeix m\u00e9s\u00bb<\/a><\/p>\n","protected":false},"author":1,"featured_media":2764,"comment_status":"open","ping_status":"closed","sticky":false,"template":"","format":"standard","meta":{"_bbp_topic_count":0,"_bbp_reply_count":0,"_bbp_total_topic_count":0,"_bbp_total_reply_count":0,"_bbp_voice_count":0,"_bbp_anonymous_reply_count":0,"_bbp_topic_count_hidden":0,"_bbp_reply_count_hidden":0,"_bbp_forum_subforum_count":0,"footnotes":""},"categories":[128,1,4],"tags":[],"class_list":["post-9715","post","type-post","status-publish","format-standard","has-post-thumbnail","hentry","category-comunitat-de-grans","category-general","category-portada"],"post_mailing_queue_ids":[],"_links":{"self":[{"href":"https:\/\/agora.xtec.cat\/escolalavilapalamos\/wp-json\/wp\/v2\/posts\/9715","targetHints":{"allow":["GET"]}}],"collection":[{"href":"https:\/\/agora.xtec.cat\/escolalavilapalamos\/wp-json\/wp\/v2\/posts"}],"about":[{"href":"https:\/\/agora.xtec.cat\/escolalavilapalamos\/wp-json\/wp\/v2\/types\/post"}],"author":[{"embeddable":true,"href":"https:\/\/agora.xtec.cat\/escolalavilapalamos\/wp-json\/wp\/v2\/users\/1"}],"replies":[{"embeddable":true,"href":"https:\/\/agora.xtec.cat\/escolalavilapalamos\/wp-json\/wp\/v2\/comments?post=9715"}],"version-history":[{"count":3,"href":"https:\/\/agora.xtec.cat\/escolalavilapalamos\/wp-json\/wp\/v2\/posts\/9715\/revisions"}],"predecessor-version":[{"id":9719,"href":"https:\/\/agora.xtec.cat\/escolalavilapalamos\/wp-json\/wp\/v2\/posts\/9715\/revisions\/9719"}],"wp:featuredmedia":[{"embeddable":true,"href":"https:\/\/agora.xtec.cat\/escolalavilapalamos\/wp-json\/wp\/v2\/media\/2764"}],"wp:attachment":[{"href":"https:\/\/agora.xtec.cat\/escolalavilapalamos\/wp-json\/wp\/v2\/media?parent=9715"}],"wp:term":[{"taxonomy":"category","embeddable":true,"href":"https:\/\/agora.xtec.cat\/escolalavilapalamos\/wp-json\/wp\/v2\/categories?post=9715"},{"taxonomy":"post_tag","embeddable":true,"href":"https:\/\/agora.xtec.cat\/escolalavilapalamos\/wp-json\/wp\/v2\/tags?post=9715"}],"curies":[{"name":"wp","href":"https:\/\/api.w.org\/{rel}","templated":true}]}}