{"id":9697,"date":"2021-06-13T11:13:00","date_gmt":"2021-06-13T09:13:00","guid":{"rendered":"http:\/\/agora.xtec.cat\/escolalavilapalamos\/?p=9697"},"modified":"2021-06-22T14:45:51","modified_gmt":"2021-06-22T12:45:51","slug":"pintem-antoni-tapies","status":"publish","type":"post","link":"https:\/\/agora.xtec.cat\/escolalavilapalamos\/general\/pintem-antoni-tapies\/","title":{"rendered":"Pintem Antoni T\u00e0pies"},"content":{"rendered":"<p><span class=\"d2edcug0 hpfvmrgz qv66sw1b c1et5uql lr9zc1uh a8c37x1j keod5gw0 nxhoafnm aigsh9s9 d3f4x2em fe6kdd0r mau55g9w c8b282yb iv3no6db jq4qci2q a3bd9o3v knj5qynh oo9gr5id hzawbc8m\" dir=\"auto\"><a href=\"https:\/\/agora.xtec.cat\/escolalavilapalamos\/wp-content\/uploads\/usu897\/2021\/06\/WhatsApp-Image-2021-06-15-at-09.44.48-1.jpeg\"><img loading=\"lazy\" decoding=\"async\" class=\"alignleft size-medium wp-image-9698\" src=\"https:\/\/agora.xtec.cat\/escolalavilapalamos\/wp-content\/uploads\/usu897\/2021\/06\/WhatsApp-Image-2021-06-15-at-09.44.48-1-300x225.jpeg\" alt=\"\" width=\"300\" height=\"225\" srcset=\"https:\/\/agora.xtec.cat\/escolalavilapalamos\/wp-content\/uploads\/usu897\/2021\/06\/WhatsApp-Image-2021-06-15-at-09.44.48-1-300x225.jpeg 300w, https:\/\/agora.xtec.cat\/escolalavilapalamos\/wp-content\/uploads\/usu897\/2021\/06\/WhatsApp-Image-2021-06-15-at-09.44.48-1-768x576.jpeg 768w, https:\/\/agora.xtec.cat\/escolalavilapalamos\/wp-content\/uploads\/usu897\/2021\/06\/WhatsApp-Image-2021-06-15-at-09.44.48-1-1024x768.jpeg 1024w, https:\/\/agora.xtec.cat\/escolalavilapalamos\/wp-content\/uploads\/usu897\/2021\/06\/WhatsApp-Image-2021-06-15-at-09.44.48-1-200x150.jpeg 200w, https:\/\/agora.xtec.cat\/escolalavilapalamos\/wp-content\/uploads\/usu897\/2021\/06\/WhatsApp-Image-2021-06-15-at-09.44.48-1.jpeg 2000w\" sizes=\"auto, (max-width: 300px) 100vw, 300px\" \/><\/a>Els nens i nenes de 1r treballen el pintor<strong> Antoni T\u00e0pies<\/strong> (1923 \u2013 2012 ). Hem pintat amb molts materials: sorra, paper, tela, etc. <\/span>Hem\u00a0 treballat un quadre amb sorra i hem fet la creu pr\u00f2pia de T\u00e0pies. Tamb\u00e9 hem treballat el quadre <a href=\"https:\/\/www.pinterest.es\/pin\/482377810082949967\/\"><em>La suite catalana<\/em> <\/a>(1972) on hem escrit paraules en catal\u00e0 i hem fet les quatre barres. <img loading=\"lazy\" decoding=\"async\" class=\"size-medium wp-image-9699 alignright\" src=\"https:\/\/agora.xtec.cat\/escolalavilapalamos\/wp-content\/uploads\/usu897\/2021\/06\/WhatsApp-Image-2021-06-15-at-09.35.22-300x225.jpeg\" alt=\"\" width=\"300\" height=\"225\" srcset=\"https:\/\/agora.xtec.cat\/escolalavilapalamos\/wp-content\/uploads\/usu897\/2021\/06\/WhatsApp-Image-2021-06-15-at-09.35.22-300x225.jpeg 300w, https:\/\/agora.xtec.cat\/escolalavilapalamos\/wp-content\/uploads\/usu897\/2021\/06\/WhatsApp-Image-2021-06-15-at-09.35.22-768x576.jpeg 768w, https:\/\/agora.xtec.cat\/escolalavilapalamos\/wp-content\/uploads\/usu897\/2021\/06\/WhatsApp-Image-2021-06-15-at-09.35.22-1024x768.jpeg 1024w, https:\/\/agora.xtec.cat\/escolalavilapalamos\/wp-content\/uploads\/usu897\/2021\/06\/WhatsApp-Image-2021-06-15-at-09.35.22-200x150.jpeg 200w, https:\/\/agora.xtec.cat\/escolalavilapalamos\/wp-content\/uploads\/usu897\/2021\/06\/WhatsApp-Image-2021-06-15-at-09.35.22.jpeg 1600w\" sizes=\"auto, (max-width: 300px) 100vw, 300px\" \/><\/p>\n<p><b>Antoni T\u00e0pies i Puig<\/b> fou un pintor, escultor i te\u00f2ric de l&#8217;art catal\u00e0. Fou un dels principals exponents a escala mundial de l&#8217;informalisme, i \u00e9s considerat com un dels artistes catalans m\u00e9s destacats del segle <span title=\"Nombre\u00a0escrit en xifres romanes\">XX<\/span>. L&#8217;obra de l&#8217;artista barcelon\u00ed gaudeix d&#8217;un centre d&#8217;estudi i conservaci\u00f3 a la Fundaci\u00f3 Antoni T\u00e0pies de Barcelona. De formaci\u00f3 autodid\u00e0ctica, T\u00e0pies va crear un estil propi dins l&#8217;art d&#8217;avantguarda del segle <span title=\"Nombre\u00a0escrit en xifres romanes\">XX<\/span>, en el qual es combinen la tradici\u00f3 i la innovaci\u00f3 dins d&#8217;un estil abstracte per\u00f2 ple de simbolisme, donant una gran rellev\u00e0ncia al substrat material de l&#8217;obra. Cal destacar el marcat sentit espiritual que inspira la seva obra, on el suport material transcendeix el seu estat per analitzar d&#8217;una manera profunda la condici\u00f3 humana.<\/p>\n<p>Podeu veure totes les fotos clicant <a href=\"https:\/\/photos.app.goo.gl\/a3PiEzz5jsrBPQq59\">aqu\u00ed<\/a><\/p>\n","protected":false},"excerpt":{"rendered":"<p><a href=\"https:\/\/agora.xtec.cat\/escolalavilapalamos\/wp-content\/uploads\/usu897\/2021\/06\/WhatsApp-Image-2021-06-15-at-09.44.48-1.jpeg\"><\/a>Els nens i nenes de 1r treballen el pintor Antoni T\u00e0pies (1923 \u2013 2012 ). Hem pintat amb molts materials: sorra, paper, tela, etc. Hem\u00a0 treballat un quadre amb sorra i hem fet la creu pr\u00f2pia de T\u00e0pies. Tamb\u00e9 hem treballat el quadre <a&hellip;  <a href=\"https:\/\/agora.xtec.cat\/escolalavilapalamos\/general\/pintem-antoni-tapies\/\" title=\"Read Pintem Antoni T\u00e0pies\">Llegeix m\u00e9s\u00bb<\/a><\/p>\n","protected":false},"author":1,"featured_media":9699,"comment_status":"open","ping_status":"closed","sticky":false,"template":"","format":"standard","meta":{"_bbp_topic_count":0,"_bbp_reply_count":0,"_bbp_total_topic_count":0,"_bbp_total_reply_count":0,"_bbp_voice_count":0,"_bbp_anonymous_reply_count":0,"_bbp_topic_count_hidden":0,"_bbp_reply_count_hidden":0,"_bbp_forum_subforum_count":0,"footnotes":""},"categories":[127,1,4],"tags":[],"class_list":["post-9697","post","type-post","status-publish","format-standard","has-post-thumbnail","hentry","category-comunitat-de-mitjans","category-general","category-portada"],"post_mailing_queue_ids":[],"_links":{"self":[{"href":"https:\/\/agora.xtec.cat\/escolalavilapalamos\/wp-json\/wp\/v2\/posts\/9697","targetHints":{"allow":["GET"]}}],"collection":[{"href":"https:\/\/agora.xtec.cat\/escolalavilapalamos\/wp-json\/wp\/v2\/posts"}],"about":[{"href":"https:\/\/agora.xtec.cat\/escolalavilapalamos\/wp-json\/wp\/v2\/types\/post"}],"author":[{"embeddable":true,"href":"https:\/\/agora.xtec.cat\/escolalavilapalamos\/wp-json\/wp\/v2\/users\/1"}],"replies":[{"embeddable":true,"href":"https:\/\/agora.xtec.cat\/escolalavilapalamos\/wp-json\/wp\/v2\/comments?post=9697"}],"version-history":[{"count":1,"href":"https:\/\/agora.xtec.cat\/escolalavilapalamos\/wp-json\/wp\/v2\/posts\/9697\/revisions"}],"predecessor-version":[{"id":9700,"href":"https:\/\/agora.xtec.cat\/escolalavilapalamos\/wp-json\/wp\/v2\/posts\/9697\/revisions\/9700"}],"wp:featuredmedia":[{"embeddable":true,"href":"https:\/\/agora.xtec.cat\/escolalavilapalamos\/wp-json\/wp\/v2\/media\/9699"}],"wp:attachment":[{"href":"https:\/\/agora.xtec.cat\/escolalavilapalamos\/wp-json\/wp\/v2\/media?parent=9697"}],"wp:term":[{"taxonomy":"category","embeddable":true,"href":"https:\/\/agora.xtec.cat\/escolalavilapalamos\/wp-json\/wp\/v2\/categories?post=9697"},{"taxonomy":"post_tag","embeddable":true,"href":"https:\/\/agora.xtec.cat\/escolalavilapalamos\/wp-json\/wp\/v2\/tags?post=9697"}],"curies":[{"name":"wp","href":"https:\/\/api.w.org\/{rel}","templated":true}]}}