{"id":9694,"date":"2021-06-04T14:18:35","date_gmt":"2021-06-04T12:18:35","guid":{"rendered":"http:\/\/agora.xtec.cat\/escolalavilapalamos\/?p=9694"},"modified":"2021-06-14T14:18:45","modified_gmt":"2021-06-14T12:18:45","slug":"visita-de-4t-al-nao-victoria","status":"publish","type":"post","link":"https:\/\/agora.xtec.cat\/escolalavilapalamos\/general\/visita-de-4t-al-nao-victoria\/","title":{"rendered":"Visita de 4t al Nao Vict\u00f2ria"},"content":{"rendered":"<p><a href=\"https:\/\/agora.xtec.cat\/escolalavilapalamos\/wp-content\/uploads\/usu897\/2021\/06\/IMG_7545.jpg\"><img loading=\"lazy\" decoding=\"async\" class=\"alignleft wp-image-9695\" src=\"https:\/\/agora.xtec.cat\/escolalavilapalamos\/wp-content\/uploads\/usu897\/2021\/06\/IMG_7545-300x225.jpg\" alt=\"\" width=\"379\" height=\"284\" srcset=\"https:\/\/agora.xtec.cat\/escolalavilapalamos\/wp-content\/uploads\/usu897\/2021\/06\/IMG_7545-300x225.jpg 300w, https:\/\/agora.xtec.cat\/escolalavilapalamos\/wp-content\/uploads\/usu897\/2021\/06\/IMG_7545-768x576.jpg 768w, https:\/\/agora.xtec.cat\/escolalavilapalamos\/wp-content\/uploads\/usu897\/2021\/06\/IMG_7545-1024x768.jpg 1024w, https:\/\/agora.xtec.cat\/escolalavilapalamos\/wp-content\/uploads\/usu897\/2021\/06\/IMG_7545-200x150.jpg 200w, https:\/\/agora.xtec.cat\/escolalavilapalamos\/wp-content\/uploads\/usu897\/2021\/06\/IMG_7545.jpg 1292w\" sizes=\"auto, (max-width: 379px) 100vw, 379px\" \/><\/a>El dijous 3 de juny els nens i nenes de 4t van fer la visita a la <strong>Nao Vict\u00f2ria<\/strong>. El vaixell es trobava al port de Palam\u00f3s dins les activitats de <em>Palam\u00f3s, terra de mar<\/em>. Amb la visita van poder pujar a bord i els van explicar com funcionava un vaixell propi de primers del segle XVI. La Nao Vict\u00f2ria va ser un dels primers vaixells que va fer la volta al m\u00f3n ara fa 500 anys.<\/p>\n<p>La <strong>Nao <\/strong><b>Victoria<\/b>, comandada per\u00a0Fernando de Magalh\u00e3es\u00a0i\u00a0Juan Sebasti\u00e1n Elcano, va ser un dels cinc vaixells que van fer la\u00a0primera volta al m\u00f3n\u00a0(1519-1522). La\u00a0<i>Victoria\u00a0<\/i>va ser l&#8217;\u00fanic vaixell dels cinc que va tornar a\u00a0Espanya d&#8217;aquest primer viatge de circumnavegaci\u00f3. Dels 234 mariners que van comen\u00e7ar el viatge, nom\u00e9s 18 el van acabar. El mateix Magallanes va morir lluitant a les Filipines. El\u00a06 de setembre\u00a0de\u00a01522, la\u00a0<i>Victoria\u00a0<\/i>va arribar a\u00a0Sanl\u00facar de Barrameda\u00a0sota el comandament de Juan Sebasti\u00e1n Elcano, i amb 17 supervivents m\u00e9s, convertint-se en el primer vaixell a circumnavegar la Terra.<sup id=\"cite_ref-1\" class=\"reference\"><\/sup><\/p>\n<p>Podeu veure totes les fotos clicant <a href=\"https:\/\/photos.app.goo.gl\/yfPwqs585CRQcePAA\">aqu\u00ed<\/a><\/p>\n","protected":false},"excerpt":{"rendered":"<p><a href=\"https:\/\/agora.xtec.cat\/escolalavilapalamos\/wp-content\/uploads\/usu897\/2021\/06\/IMG_7545.jpg\"><\/a>El dijous 3 de juny els nens i nenes de 4t van fer la visita a la Nao Vict\u00f2ria. El vaixell es trobava al port de Palam\u00f3s dins les activitats de Palam\u00f3s, terra de mar. Amb la visita van poder pujar a bord i&hellip;  <a href=\"https:\/\/agora.xtec.cat\/escolalavilapalamos\/general\/visita-de-4t-al-nao-victoria\/\" title=\"Read Visita de 4t al Nao Vict\u00f2ria\">Llegeix m\u00e9s\u00bb<\/a><\/p>\n","protected":false},"author":1,"featured_media":9695,"comment_status":"open","ping_status":"closed","sticky":false,"template":"","format":"standard","meta":{"_bbp_topic_count":0,"_bbp_reply_count":0,"_bbp_total_topic_count":0,"_bbp_total_reply_count":0,"_bbp_voice_count":0,"_bbp_anonymous_reply_count":0,"_bbp_topic_count_hidden":0,"_bbp_reply_count_hidden":0,"_bbp_forum_subforum_count":0,"footnotes":""},"categories":[128,1,4],"tags":[],"class_list":["post-9694","post","type-post","status-publish","format-standard","has-post-thumbnail","hentry","category-comunitat-de-grans","category-general","category-portada"],"post_mailing_queue_ids":[],"_links":{"self":[{"href":"https:\/\/agora.xtec.cat\/escolalavilapalamos\/wp-json\/wp\/v2\/posts\/9694","targetHints":{"allow":["GET"]}}],"collection":[{"href":"https:\/\/agora.xtec.cat\/escolalavilapalamos\/wp-json\/wp\/v2\/posts"}],"about":[{"href":"https:\/\/agora.xtec.cat\/escolalavilapalamos\/wp-json\/wp\/v2\/types\/post"}],"author":[{"embeddable":true,"href":"https:\/\/agora.xtec.cat\/escolalavilapalamos\/wp-json\/wp\/v2\/users\/1"}],"replies":[{"embeddable":true,"href":"https:\/\/agora.xtec.cat\/escolalavilapalamos\/wp-json\/wp\/v2\/comments?post=9694"}],"version-history":[{"count":1,"href":"https:\/\/agora.xtec.cat\/escolalavilapalamos\/wp-json\/wp\/v2\/posts\/9694\/revisions"}],"predecessor-version":[{"id":9696,"href":"https:\/\/agora.xtec.cat\/escolalavilapalamos\/wp-json\/wp\/v2\/posts\/9694\/revisions\/9696"}],"wp:featuredmedia":[{"embeddable":true,"href":"https:\/\/agora.xtec.cat\/escolalavilapalamos\/wp-json\/wp\/v2\/media\/9695"}],"wp:attachment":[{"href":"https:\/\/agora.xtec.cat\/escolalavilapalamos\/wp-json\/wp\/v2\/media?parent=9694"}],"wp:term":[{"taxonomy":"category","embeddable":true,"href":"https:\/\/agora.xtec.cat\/escolalavilapalamos\/wp-json\/wp\/v2\/categories?post=9694"},{"taxonomy":"post_tag","embeddable":true,"href":"https:\/\/agora.xtec.cat\/escolalavilapalamos\/wp-json\/wp\/v2\/tags?post=9694"}],"curies":[{"name":"wp","href":"https:\/\/api.w.org\/{rel}","templated":true}]}}