{"id":9645,"date":"2021-06-14T12:09:04","date_gmt":"2021-06-14T10:09:04","guid":{"rendered":"http:\/\/agora.xtec.cat\/escolalavilapalamos\/?p=9645"},"modified":"2021-06-22T14:43:26","modified_gmt":"2021-06-22T12:43:26","slug":"lenigma-del-tren-petit","status":"publish","type":"post","link":"https:\/\/agora.xtec.cat\/escolalavilapalamos\/general\/lenigma-del-tren-petit\/","title":{"rendered":"L&#8217;enigma del Tren Petit"},"content":{"rendered":"<p><iframe loading=\"lazy\" src=\"\/\/www.youtube.com\/embed\/pBExmwnxwnA\" width=\"560\" height=\"314\"><\/iframe><\/p>\n<p>El dilluns 14 de juny els nois i noies de 6\u00e8 han participat a l&#8217;<em>escape room<\/em> <strong>L&#8217;enigma del Tren Petit.<\/strong><\/p>\n<p>El <strong>Servei d&#8217;Arxiu Municipal de Palam\u00f3s<\/strong> vol apropar el p\u00fablic infantil a la comprensi\u00f3 de la realitat local a trav\u00e9s dels documents referits a Palam\u00f3s i que es conserven als arxius. L&#8217;activitat<strong><em> L&#8217;enigma del Tren Petit<\/em> <\/strong>\u00e9s una activitat l\u00fadica, que busca apropar el perqu\u00e8 dels arxius, la seva necessitat i la seva funci\u00f3 social i cultural, des de la participaci\u00f3 i l\u2019aprenentatge l\u00fadic, i especialment posar en valor un dels elements del patrimoni hist\u00f2ric de Palam\u00f3s,<strong> el Tren Petit (1887-1956).<a href=\"https:\/\/agora.xtec.cat\/escolalavilapalamos\/wp-content\/uploads\/usu897\/2021\/06\/logo-enigma-tren-petit-200x108.png\"><img loading=\"lazy\" decoding=\"async\" class=\"size-full wp-image-9648 alignright\" src=\"https:\/\/agora.xtec.cat\/escolalavilapalamos\/wp-content\/uploads\/usu897\/2021\/06\/logo-enigma-tren-petit-200x108.png\" alt=\"\" width=\"200\" height=\"108\" \/><\/a><\/strong><\/p>\n<p>L\u2019activitat est\u00e0 inspirada en un \u201cescape room\u201d o joc d\u2019escapada educatiu, consistent en la superaci\u00f3 en grup, dins un temps limitat, de cinc reptes o proves breus, articulades a l\u2019entorn de la hist\u00f2ria del Tren Petit de Palam\u00f3s. Aquestes proves nom\u00e9s poden ser superades a partir de la consulta de documentaci\u00f3 d\u2019arxiu de diversa tipologia (textual, cartogr\u00e0fica, fotogr\u00e0fica, oral, audiovisual) i el treball col\u00b7laboratiu entre els integrants de l\u2019equip. La resoluci\u00f3 de cada prova permetr\u00e0 als alumnes obtenir un n\u00famero d\u2019un cadenat de cinc xifres, que obre una maleta antiga on es guarda el premi final.<\/p>\n<p><a href=\"https:\/\/photos.app.goo.gl\/yx8PshdHHRdo2mdeA\">Recull de fotos de l&#8217;activitat a l&#8217;escola<\/a><\/p>\n<p><a href=\"https:\/\/descobertes.serveiarxiumunicipalpalamos.cat\/\">M\u00e9s informaci\u00f3 de l&#8217;activitat<\/a><a href=\"https:\/\/agora.xtec.cat\/escolalavilapalamos\/wp-content\/uploads\/usu897\/2021\/06\/ayto-palamos.jpg\"><img loading=\"lazy\" decoding=\"async\" class=\" wp-image-9653 alignright\" src=\"https:\/\/agora.xtec.cat\/escolalavilapalamos\/wp-content\/uploads\/usu897\/2021\/06\/ayto-palamos-300x173.jpg\" alt=\"\" width=\"199\" height=\"115\" srcset=\"https:\/\/agora.xtec.cat\/escolalavilapalamos\/wp-content\/uploads\/usu897\/2021\/06\/ayto-palamos-300x173.jpg 300w, https:\/\/agora.xtec.cat\/escolalavilapalamos\/wp-content\/uploads\/usu897\/2021\/06\/ayto-palamos-768x442.jpg 768w, https:\/\/agora.xtec.cat\/escolalavilapalamos\/wp-content\/uploads\/usu897\/2021\/06\/ayto-palamos.jpg 800w\" sizes=\"auto, (max-width: 199px) 100vw, 199px\" \/><\/a><a href=\"https:\/\/agora.xtec.cat\/escolalavilapalamos\/wp-content\/uploads\/usu897\/2021\/06\/images.png\"><img loading=\"lazy\" decoding=\"async\" class=\" wp-image-9651 alignright\" src=\"https:\/\/agora.xtec.cat\/escolalavilapalamos\/wp-content\/uploads\/usu897\/2021\/06\/images-300x166.png\" alt=\"\" width=\"195\" height=\"108\" srcset=\"https:\/\/agora.xtec.cat\/escolalavilapalamos\/wp-content\/uploads\/usu897\/2021\/06\/images-300x167.png 300w, https:\/\/agora.xtec.cat\/escolalavilapalamos\/wp-content\/uploads\/usu897\/2021\/06\/images.png 302w\" sizes=\"auto, (max-width: 195px) 100vw, 195px\" \/><\/a><\/p>\n<p>Amb la col\u00b7laboraci\u00f3 de:<\/p>\n","protected":false},"excerpt":{"rendered":"<p>El dilluns 14 de juny els nois i noies de 6\u00e8 han participat a l&#8217;escape room L&#8217;enigma del Tren Petit.<br \/>\nEl Servei d&#8217;Arxiu Municipal de Palam\u00f3s vol apropar el p\u00fablic infantil a la comprensi\u00f3 de la realitat local a trav\u00e9s dels documents referits a Palam\u00f3s i&hellip;  <a href=\"https:\/\/agora.xtec.cat\/escolalavilapalamos\/general\/lenigma-del-tren-petit\/\" title=\"Read L&#8217;enigma del Tren Petit\">Llegeix m\u00e9s\u00bb<\/a><\/p>\n","protected":false},"author":1,"featured_media":9648,"comment_status":"open","ping_status":"closed","sticky":false,"template":"","format":"standard","meta":{"_bbp_topic_count":0,"_bbp_reply_count":0,"_bbp_total_topic_count":0,"_bbp_total_reply_count":0,"_bbp_voice_count":0,"_bbp_anonymous_reply_count":0,"_bbp_topic_count_hidden":0,"_bbp_reply_count_hidden":0,"_bbp_forum_subforum_count":0,"footnotes":""},"categories":[128,1,4],"tags":[],"class_list":["post-9645","post","type-post","status-publish","format-standard","has-post-thumbnail","hentry","category-comunitat-de-grans","category-general","category-portada"],"post_mailing_queue_ids":[],"_links":{"self":[{"href":"https:\/\/agora.xtec.cat\/escolalavilapalamos\/wp-json\/wp\/v2\/posts\/9645","targetHints":{"allow":["GET"]}}],"collection":[{"href":"https:\/\/agora.xtec.cat\/escolalavilapalamos\/wp-json\/wp\/v2\/posts"}],"about":[{"href":"https:\/\/agora.xtec.cat\/escolalavilapalamos\/wp-json\/wp\/v2\/types\/post"}],"author":[{"embeddable":true,"href":"https:\/\/agora.xtec.cat\/escolalavilapalamos\/wp-json\/wp\/v2\/users\/1"}],"replies":[{"embeddable":true,"href":"https:\/\/agora.xtec.cat\/escolalavilapalamos\/wp-json\/wp\/v2\/comments?post=9645"}],"version-history":[{"count":3,"href":"https:\/\/agora.xtec.cat\/escolalavilapalamos\/wp-json\/wp\/v2\/posts\/9645\/revisions"}],"predecessor-version":[{"id":9736,"href":"https:\/\/agora.xtec.cat\/escolalavilapalamos\/wp-json\/wp\/v2\/posts\/9645\/revisions\/9736"}],"wp:featuredmedia":[{"embeddable":true,"href":"https:\/\/agora.xtec.cat\/escolalavilapalamos\/wp-json\/wp\/v2\/media\/9648"}],"wp:attachment":[{"href":"https:\/\/agora.xtec.cat\/escolalavilapalamos\/wp-json\/wp\/v2\/media?parent=9645"}],"wp:term":[{"taxonomy":"category","embeddable":true,"href":"https:\/\/agora.xtec.cat\/escolalavilapalamos\/wp-json\/wp\/v2\/categories?post=9645"},{"taxonomy":"post_tag","embeddable":true,"href":"https:\/\/agora.xtec.cat\/escolalavilapalamos\/wp-json\/wp\/v2\/tags?post=9645"}],"curies":[{"name":"wp","href":"https:\/\/api.w.org\/{rel}","templated":true}]}}