{"id":9632,"date":"2021-06-10T14:15:46","date_gmt":"2021-06-10T12:15:46","guid":{"rendered":"http:\/\/agora.xtec.cat\/escolalavilapalamos\/?p=9632"},"modified":"2021-06-11T12:14:07","modified_gmt":"2021-06-11T10:14:07","slug":"gracies-max","status":"publish","type":"post","link":"https:\/\/agora.xtec.cat\/escolalavilapalamos\/general\/gracies-max\/","title":{"rendered":"Gr\u00e0cies Max !"},"content":{"rendered":"<p style=\"text-align: left;\">Els alumnes de 6\u00e8 van participar en el concurs de <strong>contes breus organitzat des del programa\u00a0 Lecxit dins la campanya \u201cGuanyem un estiu lector\u201d<\/strong>. <a href=\"https:\/\/agora.xtec.cat\/escolalavilapalamos\/wp-content\/uploads\/usu897\/2021\/06\/IMG_75481.jpg\"><img loading=\"lazy\" decoding=\"async\" class=\"wp-image-9634 alignright\" src=\"https:\/\/agora.xtec.cat\/escolalavilapalamos\/wp-content\/uploads\/usu897\/2021\/06\/IMG_75481-300x225.jpg\" alt=\"\" width=\"361\" height=\"271\" srcset=\"https:\/\/agora.xtec.cat\/escolalavilapalamos\/wp-content\/uploads\/usu897\/2021\/06\/IMG_75481-300x225.jpg 300w, https:\/\/agora.xtec.cat\/escolalavilapalamos\/wp-content\/uploads\/usu897\/2021\/06\/IMG_75481-768x576.jpg 768w, https:\/\/agora.xtec.cat\/escolalavilapalamos\/wp-content\/uploads\/usu897\/2021\/06\/IMG_75481-1024x768.jpg 1024w, https:\/\/agora.xtec.cat\/escolalavilapalamos\/wp-content\/uploads\/usu897\/2021\/06\/IMG_75481-200x150.jpg 200w, https:\/\/agora.xtec.cat\/escolalavilapalamos\/wp-content\/uploads\/usu897\/2021\/06\/IMG_75481.jpg 2016w\" sizes=\"auto, (max-width: 361px) 100vw, 361px\" \/><\/a><\/p>\n<p style=\"text-align: left;\">Es van presentar m\u00e9s de 300\u00a0 contes . El conte d\u2019en <strong>Max Trullols de 6\u00e8 B<\/strong>, va estar seleccionat com un dels cinc contes guanyadors i hem rebut a l&#8217;escola molts llibres per a poder compartir amb tots i totes les comunitats.<\/p>\n<p style=\"text-align: left;\">En Max ha distribu\u00eft els llibres pels diferents grups del centre segons el seu propi criteri. Li agra\u00efm molt\u00edssim de part de totes les mestres i alumnes de l&#8217;escola.<\/p>\n<p style=\"text-align: left;\">GR\u00c0CIES MAX!<\/p>\n<p>&nbsp;<\/p>\n","protected":false},"excerpt":{"rendered":"<p>Els alumnes de 6\u00e8 van participar en el concurs de contes breus organitzat des del programa\u00a0 Lecxit dins la campanya \u201cGuanyem un estiu lector\u201d. <a href=\"https:\/\/agora.xtec.cat\/escolalavilapalamos\/wp-content\/uploads\/usu897\/2021\/06\/IMG_75481.jpg\"><\/a><br \/>\nEs van presentar m\u00e9s de 300\u00a0 contes . El conte d\u2019en Max Trullols de 6\u00e8 B, va estar seleccionat com&hellip;  <a href=\"https:\/\/agora.xtec.cat\/escolalavilapalamos\/general\/gracies-max\/\" title=\"Read Gr\u00e0cies Max !\">Llegeix m\u00e9s\u00bb<\/a><\/p>\n","protected":false},"author":131,"featured_media":9633,"comment_status":"open","ping_status":"closed","sticky":false,"template":"","format":"standard","meta":{"_bbp_topic_count":0,"_bbp_reply_count":0,"_bbp_total_topic_count":0,"_bbp_total_reply_count":0,"_bbp_voice_count":0,"_bbp_anonymous_reply_count":0,"_bbp_topic_count_hidden":0,"_bbp_reply_count_hidden":0,"_bbp_forum_subforum_count":0,"footnotes":""},"categories":[128,1,4],"tags":[],"class_list":["post-9632","post","type-post","status-publish","format-standard","has-post-thumbnail","hentry","category-comunitat-de-grans","category-general","category-portada"],"post_mailing_queue_ids":[],"_links":{"self":[{"href":"https:\/\/agora.xtec.cat\/escolalavilapalamos\/wp-json\/wp\/v2\/posts\/9632","targetHints":{"allow":["GET"]}}],"collection":[{"href":"https:\/\/agora.xtec.cat\/escolalavilapalamos\/wp-json\/wp\/v2\/posts"}],"about":[{"href":"https:\/\/agora.xtec.cat\/escolalavilapalamos\/wp-json\/wp\/v2\/types\/post"}],"author":[{"embeddable":true,"href":"https:\/\/agora.xtec.cat\/escolalavilapalamos\/wp-json\/wp\/v2\/users\/131"}],"replies":[{"embeddable":true,"href":"https:\/\/agora.xtec.cat\/escolalavilapalamos\/wp-json\/wp\/v2\/comments?post=9632"}],"version-history":[{"count":2,"href":"https:\/\/agora.xtec.cat\/escolalavilapalamos\/wp-json\/wp\/v2\/posts\/9632\/revisions"}],"predecessor-version":[{"id":9639,"href":"https:\/\/agora.xtec.cat\/escolalavilapalamos\/wp-json\/wp\/v2\/posts\/9632\/revisions\/9639"}],"wp:featuredmedia":[{"embeddable":true,"href":"https:\/\/agora.xtec.cat\/escolalavilapalamos\/wp-json\/wp\/v2\/media\/9633"}],"wp:attachment":[{"href":"https:\/\/agora.xtec.cat\/escolalavilapalamos\/wp-json\/wp\/v2\/media?parent=9632"}],"wp:term":[{"taxonomy":"category","embeddable":true,"href":"https:\/\/agora.xtec.cat\/escolalavilapalamos\/wp-json\/wp\/v2\/categories?post=9632"},{"taxonomy":"post_tag","embeddable":true,"href":"https:\/\/agora.xtec.cat\/escolalavilapalamos\/wp-json\/wp\/v2\/tags?post=9632"}],"curies":[{"name":"wp","href":"https:\/\/api.w.org\/{rel}","templated":true}]}}