{"id":9619,"date":"2021-06-09T11:33:32","date_gmt":"2021-06-09T09:33:32","guid":{"rendered":"http:\/\/agora.xtec.cat\/escolalavilapalamos\/?p=9619"},"modified":"2021-06-10T14:39:54","modified_gmt":"2021-06-10T12:39:54","slug":"seguiment-en-directe-de-leclipsi-solar-parcial","status":"publish","type":"post","link":"https:\/\/agora.xtec.cat\/escolalavilapalamos\/general\/seguiment-en-directe-de-leclipsi-solar-parcial\/","title":{"rendered":"Seguiment en directe de l\u2019eclipsi solar parcial"},"content":{"rendered":"<p><a href=\"https:\/\/agora.xtec.cat\/escolalavilapalamos\/wp-content\/uploads\/usu897\/2021\/06\/eclipsi2021-300x158.jpg\"><img loading=\"lazy\" decoding=\"async\" class=\"wp-image-9620 aligncenter\" src=\"https:\/\/agora.xtec.cat\/escolalavilapalamos\/wp-content\/uploads\/usu897\/2021\/06\/eclipsi2021-300x158-300x158.jpg\" alt=\"\" width=\"393\" height=\"207\" \/><\/a><\/p>\n<p>Des de la p\u00e0gina web de l\u2019Observatori de Pujalt <strong>s\u2019emetr\u00e0 en directe l\u2019eclipsi parcial de Sol d\u2019aquest dijous 10 de juny<\/strong> i que podreu seguir des de qualsevol dispositiu. L\u2019inici de l\u2019eclipsi comen\u00e7a a les 11.16h, el m\u00e0xim ser\u00e0 a les 11.55h i acabar\u00e0 a les 12.36h.<\/p>\n<p>Un eclipsi solar es produeix quan una porci\u00f3 de la Terra queda envoltada per una ombra projectada per la Lluna que bloqueja totalment o parcialment la llum solar. Aquest fenomen sols passa quan la Lluna es troba entre el Sol i la Terra perfectament alineats. Podeu seguir-ho en directe tamb\u00e9 des del <a href=\"https:\/\/projectes.xtec.cat\/steamcat\/esdeveniments\/eclipsi-solar-parcial\/\">nodes STEAMcat<\/a>.<\/p>\n","protected":false},"excerpt":{"rendered":"<p><a href=\"https:\/\/agora.xtec.cat\/escolalavilapalamos\/wp-content\/uploads\/usu897\/2021\/06\/eclipsi2021-300x158.jpg\"><\/a><br \/>\nDes de la p\u00e0gina web de l\u2019Observatori de Pujalt s\u2019emetr\u00e0 en directe l\u2019eclipsi parcial de Sol d\u2019aquest dijous 10 de juny i que podreu seguir des de qualsevol dispositiu. L\u2019inici de l\u2019eclipsi comen\u00e7a a les 11.16h, el m\u00e0xim ser\u00e0 a les 11.55h i acabar\u00e0&hellip;  <a href=\"https:\/\/agora.xtec.cat\/escolalavilapalamos\/general\/seguiment-en-directe-de-leclipsi-solar-parcial\/\" title=\"Read Seguiment en directe de l\u2019eclipsi solar parcial\">Llegeix m\u00e9s\u00bb<\/a><\/p>\n","protected":false},"author":1,"featured_media":9620,"comment_status":"open","ping_status":"closed","sticky":false,"template":"","format":"standard","meta":{"_bbp_topic_count":0,"_bbp_reply_count":0,"_bbp_total_topic_count":0,"_bbp_total_reply_count":0,"_bbp_voice_count":0,"_bbp_anonymous_reply_count":0,"_bbp_topic_count_hidden":0,"_bbp_reply_count_hidden":0,"_bbp_forum_subforum_count":0,"footnotes":""},"categories":[1,4],"tags":[],"class_list":["post-9619","post","type-post","status-publish","format-standard","has-post-thumbnail","hentry","category-general","category-portada"],"post_mailing_queue_ids":[],"_links":{"self":[{"href":"https:\/\/agora.xtec.cat\/escolalavilapalamos\/wp-json\/wp\/v2\/posts\/9619","targetHints":{"allow":["GET"]}}],"collection":[{"href":"https:\/\/agora.xtec.cat\/escolalavilapalamos\/wp-json\/wp\/v2\/posts"}],"about":[{"href":"https:\/\/agora.xtec.cat\/escolalavilapalamos\/wp-json\/wp\/v2\/types\/post"}],"author":[{"embeddable":true,"href":"https:\/\/agora.xtec.cat\/escolalavilapalamos\/wp-json\/wp\/v2\/users\/1"}],"replies":[{"embeddable":true,"href":"https:\/\/agora.xtec.cat\/escolalavilapalamos\/wp-json\/wp\/v2\/comments?post=9619"}],"version-history":[{"count":3,"href":"https:\/\/agora.xtec.cat\/escolalavilapalamos\/wp-json\/wp\/v2\/posts\/9619\/revisions"}],"predecessor-version":[{"id":9625,"href":"https:\/\/agora.xtec.cat\/escolalavilapalamos\/wp-json\/wp\/v2\/posts\/9619\/revisions\/9625"}],"wp:featuredmedia":[{"embeddable":true,"href":"https:\/\/agora.xtec.cat\/escolalavilapalamos\/wp-json\/wp\/v2\/media\/9620"}],"wp:attachment":[{"href":"https:\/\/agora.xtec.cat\/escolalavilapalamos\/wp-json\/wp\/v2\/media?parent=9619"}],"wp:term":[{"taxonomy":"category","embeddable":true,"href":"https:\/\/agora.xtec.cat\/escolalavilapalamos\/wp-json\/wp\/v2\/categories?post=9619"},{"taxonomy":"post_tag","embeddable":true,"href":"https:\/\/agora.xtec.cat\/escolalavilapalamos\/wp-json\/wp\/v2\/tags?post=9619"}],"curies":[{"name":"wp","href":"https:\/\/api.w.org\/{rel}","templated":true}]}}