{"id":9590,"date":"2021-06-07T14:52:07","date_gmt":"2021-06-07T12:52:07","guid":{"rendered":"http:\/\/agora.xtec.cat\/escolalavilapalamos\/?p=9590"},"modified":"2021-06-08T09:19:49","modified_gmt":"2021-06-08T07:19:49","slug":"usapps-per-comunicar-situacions-de-violencia","status":"publish","type":"post","link":"https:\/\/agora.xtec.cat\/escolalavilapalamos\/general\/usapps-per-comunicar-situacions-de-violencia\/","title":{"rendered":"UsApps per comunicar situacions de viol\u00e8ncia"},"content":{"rendered":"<p><a href=\"https:\/\/agora.xtec.cat\/escolalavilapalamos\/wp-content\/uploads\/usu897\/2021\/06\/Infografia-UsApps10.pptx.jpg\"><img loading=\"lazy\" decoding=\"async\" class=\"alignleft wp-image-9598\" src=\"https:\/\/agora.xtec.cat\/escolalavilapalamos\/wp-content\/uploads\/usu897\/2021\/06\/Infografia-UsApps10.pptx-208x300.jpg\" alt=\"\" width=\"324\" height=\"467\" srcset=\"https:\/\/agora.xtec.cat\/escolalavilapalamos\/wp-content\/uploads\/usu897\/2021\/06\/Infografia-UsApps10.pptx-208x300.jpg 208w, https:\/\/agora.xtec.cat\/escolalavilapalamos\/wp-content\/uploads\/usu897\/2021\/06\/Infografia-UsApps10.pptx-709x1024.jpg 709w, https:\/\/agora.xtec.cat\/escolalavilapalamos\/wp-content\/uploads\/usu897\/2021\/06\/Infografia-UsApps10.pptx.jpg 720w\" sizes=\"auto, (max-width: 324px) 100vw, 324px\" \/><\/a>Dilluns 7 de juny de 2021 entra en funcionament la <a href=\"https:\/\/usav.educacio.gencat.cat\/\" target=\"_blank\" rel=\"noopener noreferrer\"><strong>UsApps<\/strong><\/a>.<\/p>\n<p>Qu\u00e8 \u00e9s la <a href=\"https:\/\/usav.educacio.gencat.cat\/\" target=\"_blank\" rel=\"noopener noreferrer\"><strong>UsApps<\/strong><\/a>? \u00c9s una aplicaci\u00f3 web del Departament d\u2019Educaci\u00f3 per comunicar situacions de viol\u00e8ncia que pot viure tot l\u2019alumnat de Catalunya d\u2019una forma f\u00e0cil, intu\u00eftiva i efica\u00e7. La pot utilitzar l\u2019alumnat, exalumnat i tota la comunitat educativa, tant si \u00e9s una persona que viu directament una situaci\u00f3 de viol\u00e8ncia com si n\u2019\u00e9s testimoni.<\/p>\n<p><strong>La UsApps t\u00e9 l\u2019objectiu de donar veu a les persones afectades, trencar el silenci i l\u2019a\u00efllament en qu\u00e8 viuen, garantir la confidencialitat i iniciar la intervenci\u00f3 espec\u00edfica.<\/strong><\/p>\n<p>Darrere de la <strong>UsApps<\/strong> hi ha la <strong>Unitat de Suport a l\u2019Alumnat en Situaci\u00f3 de Viol\u00e8ncia<\/strong> (USAV), un equip de professionals que acollir\u00e0 la den\u00fancia o malestar, gestionar\u00e0 el cas de viol\u00e8ncia, en coordinar\u00e0 l\u2019abordatge. Aquest equip dur\u00e0 a terme una escolta activa de les v\u00edctimes i treballar\u00e0 per facilitar una actuaci\u00f3 sense demora treballant conjuntament amb els i les referents de la xarxa de coordinaci\u00f3 territorial\u00a0de les Escoles lliures de viol\u00e8ncies i amb els centres educatius, fent les derivacions oportunes als circuits d\u2019abordatge de les viol\u00e8ncies a Catalunya.<\/p>\n<p>La <strong>UsApps<\/strong> \u00e9s el nou canal de comunicaci\u00f3 i den\u00fancia que pret\u00e9n visibilitzar les viol\u00e8ncies ocultes als centres educatius, identificar-les i actuar-hi per protegir infants i adolescents.<\/p>\n<p>Els principis del bon tracte, la rapidesa en l\u2019actuaci\u00f3, el suport jur\u00eddic i institucional, les normes clares d\u2019actuaci\u00f3 per a tots i totes han de contribuir a fer dels centres educatius uns espais de seguretat.<\/p>\n<p><span class=\"gmail_default\">Podeu trobar m\u00e9s informaci\u00f3 al v\u00eddeo de <a href=\"https:\/\/youtu.be\/nkgENcCaHH8\" target=\"_blank\" rel=\"noopener noreferrer\">presentaci\u00f3 de la UsApps<\/a> i a la <a href=\"https:\/\/drive.google.com\/file\/d\/1ejnZcE7s79ZrZpj1Gf1n7MjHuPpUfhMc\/view?usp=sharing\" target=\"_blank\" rel=\"noopener noreferrer\">Infografia<\/a>. Adjuntem tamb\u00e9 la informaci\u00f3 del Pla Les escoles lliures de viol\u00e8ncies<\/span>\u00a0<a href=\"http:\/\/educacio.gencat.cat\/ca\/departament\/linies-estrategiques\/escoles-lliures-de-violencies\/\" target=\"_blank\" rel=\"noopener noreferrer\" data-saferedirecturl=\"https:\/\/www.google.com\/url?q=http:\/\/educacio.gencat.cat\/ca\/departament\/linies-estrategiques\/escoles-lliures-de-violencies\/&amp;source=gmail&amp;ust=1622897562265000&amp;usg=AFQjCNG6rmj632sMQzVeC5jd-0gGTAHy5w\">LELV<\/a> i la presentaci\u00f3 de la <a href=\"https:\/\/youtu.be\/ScinKwzCBBc\" target=\"_blank\" rel=\"noopener noreferrer\" data-saferedirecturl=\"https:\/\/www.google.com\/url?q=https:\/\/youtu.be\/ScinKwzCBBc&amp;source=gmail&amp;ust=1622897562265000&amp;usg=AFQjCNEVsH3pLp7thKqyR365TJjY5oLYrA\">Jornades de les escoles lliures de viol\u00e8ncia.<\/a><\/p>\n<p><strong>#Lesescoleslliuresdeviol\u00e8ncies<\/strong><\/p>\n","protected":false},"excerpt":{"rendered":"<p><a href=\"https:\/\/agora.xtec.cat\/escolalavilapalamos\/wp-content\/uploads\/usu897\/2021\/06\/Infografia-UsApps10.pptx.jpg\"><\/a>Dilluns 7 de juny de 2021 entra en funcionament la <a href=\"https:\/\/usav.educacio.gencat.cat\/\" target=\"_blank\" rel=\"noopener noreferrer\">UsApps<\/a>.<br \/>\nQu\u00e8 \u00e9s la <a href=\"https:\/\/usav.educacio.gencat.cat\/\" target=\"_blank\" rel=\"noopener noreferrer\">UsApps<\/a>? \u00c9s una aplicaci\u00f3 web del Departament d\u2019Educaci\u00f3 per comunicar situacions de viol\u00e8ncia que pot viure tot l\u2019alumnat de Catalunya d\u2019una forma f\u00e0cil,&hellip;  <a href=\"https:\/\/agora.xtec.cat\/escolalavilapalamos\/general\/usapps-per-comunicar-situacions-de-violencia\/\" title=\"Read UsApps per comunicar situacions de viol\u00e8ncia\">Llegeix m\u00e9s\u00bb<\/a><\/p>\n","protected":false},"author":1,"featured_media":9592,"comment_status":"open","ping_status":"closed","sticky":false,"template":"","format":"standard","meta":{"_bbp_topic_count":0,"_bbp_reply_count":0,"_bbp_total_topic_count":0,"_bbp_total_reply_count":0,"_bbp_voice_count":0,"_bbp_anonymous_reply_count":0,"_bbp_topic_count_hidden":0,"_bbp_reply_count_hidden":0,"_bbp_forum_subforum_count":0,"footnotes":""},"categories":[7,1,4],"tags":[],"class_list":["post-9590","post","type-post","status-publish","format-standard","has-post-thumbnail","hentry","category-ampa","category-general","category-portada"],"post_mailing_queue_ids":[],"_links":{"self":[{"href":"https:\/\/agora.xtec.cat\/escolalavilapalamos\/wp-json\/wp\/v2\/posts\/9590","targetHints":{"allow":["GET"]}}],"collection":[{"href":"https:\/\/agora.xtec.cat\/escolalavilapalamos\/wp-json\/wp\/v2\/posts"}],"about":[{"href":"https:\/\/agora.xtec.cat\/escolalavilapalamos\/wp-json\/wp\/v2\/types\/post"}],"author":[{"embeddable":true,"href":"https:\/\/agora.xtec.cat\/escolalavilapalamos\/wp-json\/wp\/v2\/users\/1"}],"replies":[{"embeddable":true,"href":"https:\/\/agora.xtec.cat\/escolalavilapalamos\/wp-json\/wp\/v2\/comments?post=9590"}],"version-history":[{"count":3,"href":"https:\/\/agora.xtec.cat\/escolalavilapalamos\/wp-json\/wp\/v2\/posts\/9590\/revisions"}],"predecessor-version":[{"id":9599,"href":"https:\/\/agora.xtec.cat\/escolalavilapalamos\/wp-json\/wp\/v2\/posts\/9590\/revisions\/9599"}],"wp:featuredmedia":[{"embeddable":true,"href":"https:\/\/agora.xtec.cat\/escolalavilapalamos\/wp-json\/wp\/v2\/media\/9592"}],"wp:attachment":[{"href":"https:\/\/agora.xtec.cat\/escolalavilapalamos\/wp-json\/wp\/v2\/media?parent=9590"}],"wp:term":[{"taxonomy":"category","embeddable":true,"href":"https:\/\/agora.xtec.cat\/escolalavilapalamos\/wp-json\/wp\/v2\/categories?post=9590"},{"taxonomy":"post_tag","embeddable":true,"href":"https:\/\/agora.xtec.cat\/escolalavilapalamos\/wp-json\/wp\/v2\/tags?post=9590"}],"curies":[{"name":"wp","href":"https:\/\/api.w.org\/{rel}","templated":true}]}}