{"id":9549,"date":"2021-05-30T18:24:40","date_gmt":"2021-05-30T16:24:40","guid":{"rendered":"http:\/\/agora.xtec.cat\/escolalavilapalamos\/?p=9549"},"modified":"2021-05-30T18:34:08","modified_gmt":"2021-05-30T16:34:08","slug":"excursio-al-clar-del-bosc","status":"publish","type":"post","link":"https:\/\/agora.xtec.cat\/escolalavilapalamos\/general\/excursio-al-clar-del-bosc\/","title":{"rendered":"Excursi\u00f3 dels mitjans al &#8220;Clar del Bosc&#8221;"},"content":{"rendered":"<p>Dimarts 25 de maig per fi vam poder anar d\u2019excursi\u00f3 amb els vostres fills i filles. Ens ho vam passar molt b\u00e9 i veient les fotos que us adjuntem ho volem compartir amb vosaltres.<\/p>\n<p><img decoding=\"async\" src=\"https:\/\/lh3.googleusercontent.com\/pw\/ACtC-3f_CrTabXOmwhWz1ZIkQmBDDmIJFl971icXwAOXr50hbbTb557n9iEPa16dhmbD2OW8VYf6GYW63qLpjA35a_L1nWCq0RY5RBsHx1fMCo-pD0hMlwsvCM6P8Cm5_br1vl7HCjw-IgMSZH5KVdv2Eykx=w1542-h867-no?authuser=4\" \/><\/p>\n<p>A 1r ens van rebre els follets i les fades del bosc. Els vam ajudar a buscar el guardi\u00e0 del bosc que s\u2019havia enfadat per no cuidar la natura com es mereix. Ens van pintar unes ulleres m\u00e0giques i ens van donar un amulet. Vam dinar amb el nostre grup bombolla i vam poder gaudir del parc plegats. La tarda va ser molt divertida, doncs vam tornar a ajudar als follets i fades a fer cabanes. Vam ballar, vam cantar, vam riure i vam passar un gran dia envoltats de natura.<\/p>\n<p>A 2n ens van rebre els monitors\/es . Vam fer un bon esmorzar per agafar forces; ens esperava un mat\u00ed de feina \u201cprehist\u00f2rica\u201d.\u00a0 Xino-xano, vam enfilar cap al bosc; all\u00e0, en una petita clariana, vam construir unes cabanes amb branques i troncs que vam recollir del voltant. En un tres i no res, se\u2019ns va passar el mat\u00ed. I tocava dinar aquelles espl\u00e8ndides carmanyoles de macarrons que duiem a la motxilla.\u00a0 A la tarda, vam endinsar-nos en els rituals prehist\u00f2rics i vam construir el nostre atrapasomnis; hi vam posar tota la nostra il.lusi\u00f3, creativitat i esfor\u00e7. Vam acomiadar la jornada amb uns jocs de ca\u00e7adors \u00a0i cantant i ballant . Va ser un gran dia!<\/p>\n<p>A 3r ens van rebre els monitors\/es i vam passar un mat\u00ed ben divertit fent jocs cooperatius i escalant en el roc\u00f2drom. Vam dinar amb el nostre grup bombolla sota un vell roure. A la tarda, vam anar pels boscos del voltant de la casa per fer una cursa d\u2019orientaci\u00f3. Vam poder gaudir del silenci de la natura i aprendre a fer servir la br\u00faixola. Tamb\u00e9 vam fer un joc d\u2019orientaci\u00f3 on apren\u00edem a donar coordenades per trobar un objecte amagat. \u00a0Va ser un dia ben divertit!<\/p>\n<p><a href=\"https:\/\/photos.app.goo.gl\/hHoLr9AbBmHB6FQh6\">fotos 1r<\/a><\/p>\n<p><a href=\"https:\/\/photos.app.goo.gl\/beb1wJ27VbdFLMZv8\">fotos 2n<\/a><\/p>\n<p><a href=\"https:\/\/photos.app.goo.gl\/w9Ap2sTP1sM7dXmP7\">fotos 3r<\/a><\/p>\n","protected":false},"excerpt":{"rendered":"<p>Dimarts 25 de maig per fi vam poder anar d\u2019excursi\u00f3 amb els vostres fills i filles. Ens ho vam passar molt b\u00e9 i veient les fotos que us adjuntem ho volem compartir amb vosaltres.<\/p>\n<p>A 1r ens van rebre els follets i les fades del bosc.&hellip;  <a href=\"https:\/\/agora.xtec.cat\/escolalavilapalamos\/general\/excursio-al-clar-del-bosc\/\" title=\"Read Excursi\u00f3 dels mitjans al &#8220;Clar del Bosc&#8221;\">Llegeix m\u00e9s\u00bb<\/a><\/p>\n","protected":false},"author":106,"featured_media":9569,"comment_status":"open","ping_status":"closed","sticky":false,"template":"","format":"standard","meta":{"_bbp_topic_count":0,"_bbp_reply_count":0,"_bbp_total_topic_count":0,"_bbp_total_reply_count":0,"_bbp_voice_count":0,"_bbp_anonymous_reply_count":0,"_bbp_topic_count_hidden":0,"_bbp_reply_count_hidden":0,"_bbp_forum_subforum_count":0,"footnotes":""},"categories":[127,1,4],"tags":[],"class_list":["post-9549","post","type-post","status-publish","format-standard","has-post-thumbnail","hentry","category-comunitat-de-mitjans","category-general","category-portada"],"post_mailing_queue_ids":[],"_links":{"self":[{"href":"https:\/\/agora.xtec.cat\/escolalavilapalamos\/wp-json\/wp\/v2\/posts\/9549","targetHints":{"allow":["GET"]}}],"collection":[{"href":"https:\/\/agora.xtec.cat\/escolalavilapalamos\/wp-json\/wp\/v2\/posts"}],"about":[{"href":"https:\/\/agora.xtec.cat\/escolalavilapalamos\/wp-json\/wp\/v2\/types\/post"}],"author":[{"embeddable":true,"href":"https:\/\/agora.xtec.cat\/escolalavilapalamos\/wp-json\/wp\/v2\/users\/106"}],"replies":[{"embeddable":true,"href":"https:\/\/agora.xtec.cat\/escolalavilapalamos\/wp-json\/wp\/v2\/comments?post=9549"}],"version-history":[{"count":3,"href":"https:\/\/agora.xtec.cat\/escolalavilapalamos\/wp-json\/wp\/v2\/posts\/9549\/revisions"}],"predecessor-version":[{"id":9568,"href":"https:\/\/agora.xtec.cat\/escolalavilapalamos\/wp-json\/wp\/v2\/posts\/9549\/revisions\/9568"}],"wp:featuredmedia":[{"embeddable":true,"href":"https:\/\/agora.xtec.cat\/escolalavilapalamos\/wp-json\/wp\/v2\/media\/9569"}],"wp:attachment":[{"href":"https:\/\/agora.xtec.cat\/escolalavilapalamos\/wp-json\/wp\/v2\/media?parent=9549"}],"wp:term":[{"taxonomy":"category","embeddable":true,"href":"https:\/\/agora.xtec.cat\/escolalavilapalamos\/wp-json\/wp\/v2\/categories?post=9549"},{"taxonomy":"post_tag","embeddable":true,"href":"https:\/\/agora.xtec.cat\/escolalavilapalamos\/wp-json\/wp\/v2\/tags?post=9549"}],"curies":[{"name":"wp","href":"https:\/\/api.w.org\/{rel}","templated":true}]}}