{"id":9537,"date":"2021-05-24T15:56:46","date_gmt":"2021-05-24T13:56:46","guid":{"rendered":"http:\/\/agora.xtec.cat\/escolalavilapalamos\/?p=9537"},"modified":"2021-05-27T11:43:14","modified_gmt":"2021-05-27T09:43:14","slug":"recorregut-cientific-de-3r","status":"publish","type":"post","link":"https:\/\/agora.xtec.cat\/escolalavilapalamos\/portada\/recorregut-cientific-de-3r\/","title":{"rendered":"Recorregut cient\u00edfic de 3r"},"content":{"rendered":"<p style=\"text-align: justify;\"><a href=\"https:\/\/agora.xtec.cat\/escolalavilapalamos\/wp-content\/uploads\/usu897\/2021\/05\/IMG-0089.jpg\"><img loading=\"lazy\" decoding=\"async\" class=\"alignleft wp-image-9538\" src=\"https:\/\/agora.xtec.cat\/escolalavilapalamos\/wp-content\/uploads\/usu897\/2021\/05\/IMG-0089-225x300.jpg\" alt=\"\" width=\"250\" height=\"333\" srcset=\"https:\/\/agora.xtec.cat\/escolalavilapalamos\/wp-content\/uploads\/usu897\/2021\/05\/IMG-0089-225x300.jpg 225w, https:\/\/agora.xtec.cat\/escolalavilapalamos\/wp-content\/uploads\/usu897\/2021\/05\/IMG-0089.jpg 480w\" sizes=\"auto, (max-width: 250px) 100vw, 250px\" \/><\/a>Per fi us podem compartir les presentacions de diapositives sobre<strong> el recorregut cient\u00edfic que hem estat treballant<\/strong> durant aquests mesos.<\/p>\n<p style=\"text-align: justify;\">Tots els tres tercers vam comen\u00e7ar en el mateix punt de partida: <strong>la llavor<\/strong>. A partir d&#8217;aqu\u00ed cada tercer va investigar i va desenvolupar el seu propi projecte seguint els seus interessos i motivacions. Tot i aix\u00ed hi ha hagut un nexe que ha estat<strong> l&#8217;hort.<\/strong><\/p>\n<p style=\"text-align: justify;\">Dins d&#8217;aquestes presentacions hi trobareu uns v\u00eddeos on els alumnes de 3r us expliquen tot el proc\u00e9s viscut.<\/p>\n<p style=\"text-align: justify;\">Aquest projecte ens ha comportat moltes sessions de treball on han intervingut compet\u00e8ncies digitals, cient\u00edfiques, de llengua i de matem\u00e0tiques. Ens ha agradat perqu\u00e8 tamb\u00e9 hem pogut establir alguns vincles amb familiars que coneixen el tema.<\/p>\n<p>Sens dubte, un bon projecte transversal!<\/p>\n<p>A continuaci\u00f3 teniu els enlla\u00e7os per poder accedir a cada presentaci\u00f3 de diapositives.<\/p>\n<h1 style=\"text-align: center;\"><a href=\"https:\/\/docs.google.com\/presentation\/d\/10lquY8dYSXeLnjJNqs0fDBaKsLrN8BsM8Pm0jj1pRjE\/edit?usp=sharing\">3r A<\/a><\/h1>\n<h1 style=\"text-align: center;\"><a href=\"https:\/\/docs.google.com\/presentation\/d\/1X0NDu2h9PQYaKeyDwvAOTvtJITgkL9Kyl8yzThPL9wU\/edit?usp=sharing\">3r B<\/a><\/h1>\n<h1 style=\"text-align: center;\"><a href=\"https:\/\/docs.google.com\/presentation\/d\/1yunfZBmyKFv2UyCNKpotqBQ07lTCMQdzeRQU9kKaCAA\/edit?usp=sharing\">3r C<\/a><\/h1>\n<p>Esperem que us agradi i que el gaudiu tant com nosaltres!<\/p>\n","protected":false},"excerpt":{"rendered":"<p><a href=\"https:\/\/agora.xtec.cat\/escolalavilapalamos\/wp-content\/uploads\/usu897\/2021\/05\/IMG-0089.jpg\"><\/a>Per fi us podem compartir les presentacions de diapositives sobre el recorregut cient\u00edfic que hem estat treballant durant aquests mesos.<br \/>\nTots els tres tercers vam comen\u00e7ar en el mateix punt de partida: la llavor. A partir d&#8217;aqu\u00ed cada tercer va investigar i va desenvolupar el&hellip;  <a href=\"https:\/\/agora.xtec.cat\/escolalavilapalamos\/portada\/recorregut-cientific-de-3r\/\" title=\"Read Recorregut cient\u00edfic de 3r\">Llegeix m\u00e9s\u00bb<\/a><\/p>\n","protected":false},"author":245,"featured_media":9538,"comment_status":"open","ping_status":"closed","sticky":false,"template":"","format":"standard","meta":{"_bbp_topic_count":0,"_bbp_reply_count":0,"_bbp_total_topic_count":0,"_bbp_total_reply_count":0,"_bbp_voice_count":0,"_bbp_anonymous_reply_count":0,"_bbp_topic_count_hidden":0,"_bbp_reply_count_hidden":0,"_bbp_forum_subforum_count":0,"footnotes":""},"categories":[127,4,5],"tags":[],"class_list":["post-9537","post","type-post","status-publish","format-standard","has-post-thumbnail","hentry","category-comunitat-de-mitjans","category-portada","category-primaria"],"post_mailing_queue_ids":[],"_links":{"self":[{"href":"https:\/\/agora.xtec.cat\/escolalavilapalamos\/wp-json\/wp\/v2\/posts\/9537","targetHints":{"allow":["GET"]}}],"collection":[{"href":"https:\/\/agora.xtec.cat\/escolalavilapalamos\/wp-json\/wp\/v2\/posts"}],"about":[{"href":"https:\/\/agora.xtec.cat\/escolalavilapalamos\/wp-json\/wp\/v2\/types\/post"}],"author":[{"embeddable":true,"href":"https:\/\/agora.xtec.cat\/escolalavilapalamos\/wp-json\/wp\/v2\/users\/245"}],"replies":[{"embeddable":true,"href":"https:\/\/agora.xtec.cat\/escolalavilapalamos\/wp-json\/wp\/v2\/comments?post=9537"}],"version-history":[{"count":3,"href":"https:\/\/agora.xtec.cat\/escolalavilapalamos\/wp-json\/wp\/v2\/posts\/9537\/revisions"}],"predecessor-version":[{"id":9546,"href":"https:\/\/agora.xtec.cat\/escolalavilapalamos\/wp-json\/wp\/v2\/posts\/9537\/revisions\/9546"}],"wp:featuredmedia":[{"embeddable":true,"href":"https:\/\/agora.xtec.cat\/escolalavilapalamos\/wp-json\/wp\/v2\/media\/9538"}],"wp:attachment":[{"href":"https:\/\/agora.xtec.cat\/escolalavilapalamos\/wp-json\/wp\/v2\/media?parent=9537"}],"wp:term":[{"taxonomy":"category","embeddable":true,"href":"https:\/\/agora.xtec.cat\/escolalavilapalamos\/wp-json\/wp\/v2\/categories?post=9537"},{"taxonomy":"post_tag","embeddable":true,"href":"https:\/\/agora.xtec.cat\/escolalavilapalamos\/wp-json\/wp\/v2\/tags?post=9537"}],"curies":[{"name":"wp","href":"https:\/\/api.w.org\/{rel}","templated":true}]}}