{"id":9524,"date":"2021-05-18T09:00:38","date_gmt":"2021-05-18T07:00:38","guid":{"rendered":"http:\/\/agora.xtec.cat\/escolalavilapalamos\/?p=9524"},"modified":"2021-05-19T09:15:30","modified_gmt":"2021-05-19T07:15:30","slug":"els-mitjans-a-la-gorga","status":"publish","type":"post","link":"https:\/\/agora.xtec.cat\/escolalavilapalamos\/general\/els-mitjans-a-la-gorga\/","title":{"rendered":"Els mitjans a la Gorga"},"content":{"rendered":"<p>El<strong> dimecres 19 de maig <\/strong>a les 10h els nens i nenes de 1r, 2n i 3r anem a veure l&#8217;obra <strong>Silenci&#8230;. Dansa<\/strong> de la companyia <a href=\"https:\/\/factoriamascaro.wordpress.com\/\">Factoria Mascar\u00f3<\/a>. <a href=\"https:\/\/agora.xtec.cat\/escolalavilapalamos\/wp-content\/uploads\/usu897\/2021\/05\/silenci-dansa-cartell.jpg\"><img loading=\"lazy\" decoding=\"async\" class=\" wp-image-9525 alignright\" src=\"https:\/\/agora.xtec.cat\/escolalavilapalamos\/wp-content\/uploads\/usu897\/2021\/05\/silenci-dansa-cartell-300x197.jpg\" alt=\"\" width=\"391\" height=\"257\" srcset=\"https:\/\/agora.xtec.cat\/escolalavilapalamos\/wp-content\/uploads\/usu897\/2021\/05\/silenci-dansa-cartell-300x197.jpg 300w, https:\/\/agora.xtec.cat\/escolalavilapalamos\/wp-content\/uploads\/usu897\/2021\/05\/silenci-dansa-cartell.jpg 638w\" sizes=\"auto, (max-width: 391px) 100vw, 391px\" \/><\/a><\/p>\n<p><em>Silenci&#8230; Dansa<\/em> \u00e9s un espectacle amb recursos i procediments per treballar el llenguatge de la dansa. Un recull de propostes did\u00e0ctiques i processos pedag\u00f2gics en forma d\u2019espectacle. El silenci i el so de la m\u00fasica, el procediment i l\u2019acci\u00f3 coreogr\u00e0fica. Els procediments ens il\u00b7lustren el com iniciar el treball dels diferents continguts del llenguatge de la dansa que apareixen durant l\u2019espectacle. Les accions coreogr\u00e0fiques , s\u00f3n el recurs concret, el resultat final del desenvolupament dels continguts .<br \/>\nEl com i el qu\u00e8 es combinen amb el silenci i el so de la m\u00fasica de diferents estils musicals.<\/p>\n<p>Us podeu descarregar la proposta did\u00e0ctica <a href=\"https:\/\/drive.google.com\/file\/d\/1nN4R4GjenSLfZqcdYfCHyM3iX7_w_v7C\/view?usp=sharing\">aqu\u00ed<\/a><\/p>\n","protected":false},"excerpt":{"rendered":"<p>El dimecres 19 de maig a les 10h els nens i nenes de 1r, 2n i 3r anem a veure l&#8217;obra Silenci&#8230;. Dansa de la companyia <a href=\"https:\/\/factoriamascaro.wordpress.com\/\">Factoria Mascar\u00f3<\/a>. <a href=\"https:\/\/agora.xtec.cat\/escolalavilapalamos\/wp-content\/uploads\/usu897\/2021\/05\/silenci-dansa-cartell.jpg\"><\/a><br \/>\nSilenci&#8230; Dansa \u00e9s un espectacle amb recursos i procediments per treballar el llenguatge de la&hellip;  <a href=\"https:\/\/agora.xtec.cat\/escolalavilapalamos\/general\/els-mitjans-a-la-gorga\/\" title=\"Read Els mitjans a la Gorga\">Llegeix m\u00e9s\u00bb<\/a><\/p>\n","protected":false},"author":1,"featured_media":9525,"comment_status":"open","ping_status":"closed","sticky":false,"template":"","format":"standard","meta":{"_bbp_topic_count":0,"_bbp_reply_count":0,"_bbp_total_topic_count":0,"_bbp_total_reply_count":0,"_bbp_voice_count":0,"_bbp_anonymous_reply_count":0,"_bbp_topic_count_hidden":0,"_bbp_reply_count_hidden":0,"_bbp_forum_subforum_count":0,"footnotes":""},"categories":[127,1,4],"tags":[],"class_list":["post-9524","post","type-post","status-publish","format-standard","has-post-thumbnail","hentry","category-comunitat-de-mitjans","category-general","category-portada"],"post_mailing_queue_ids":[],"_links":{"self":[{"href":"https:\/\/agora.xtec.cat\/escolalavilapalamos\/wp-json\/wp\/v2\/posts\/9524","targetHints":{"allow":["GET"]}}],"collection":[{"href":"https:\/\/agora.xtec.cat\/escolalavilapalamos\/wp-json\/wp\/v2\/posts"}],"about":[{"href":"https:\/\/agora.xtec.cat\/escolalavilapalamos\/wp-json\/wp\/v2\/types\/post"}],"author":[{"embeddable":true,"href":"https:\/\/agora.xtec.cat\/escolalavilapalamos\/wp-json\/wp\/v2\/users\/1"}],"replies":[{"embeddable":true,"href":"https:\/\/agora.xtec.cat\/escolalavilapalamos\/wp-json\/wp\/v2\/comments?post=9524"}],"version-history":[{"count":1,"href":"https:\/\/agora.xtec.cat\/escolalavilapalamos\/wp-json\/wp\/v2\/posts\/9524\/revisions"}],"predecessor-version":[{"id":9526,"href":"https:\/\/agora.xtec.cat\/escolalavilapalamos\/wp-json\/wp\/v2\/posts\/9524\/revisions\/9526"}],"wp:featuredmedia":[{"embeddable":true,"href":"https:\/\/agora.xtec.cat\/escolalavilapalamos\/wp-json\/wp\/v2\/media\/9525"}],"wp:attachment":[{"href":"https:\/\/agora.xtec.cat\/escolalavilapalamos\/wp-json\/wp\/v2\/media?parent=9524"}],"wp:term":[{"taxonomy":"category","embeddable":true,"href":"https:\/\/agora.xtec.cat\/escolalavilapalamos\/wp-json\/wp\/v2\/categories?post=9524"},{"taxonomy":"post_tag","embeddable":true,"href":"https:\/\/agora.xtec.cat\/escolalavilapalamos\/wp-json\/wp\/v2\/tags?post=9524"}],"curies":[{"name":"wp","href":"https:\/\/api.w.org\/{rel}","templated":true}]}}