{"id":9515,"date":"2021-05-18T10:57:07","date_gmt":"2021-05-18T08:57:07","guid":{"rendered":"http:\/\/agora.xtec.cat\/escolalavilapalamos\/?p=9515"},"modified":"2021-05-18T13:34:00","modified_gmt":"2021-05-18T11:34:00","slug":"viatge-de-final-de-curs-de-6e-6","status":"publish","type":"post","link":"https:\/\/agora.xtec.cat\/escolalavilapalamos\/general\/viatge-de-final-de-curs-de-6e-6\/","title":{"rendered":"Viatge de final de curs de 6\u00e8\u00a0"},"content":{"rendered":"<p><a href=\"https:\/\/agora.xtec.cat\/escolalavilapalamos\/wp-content\/uploads\/usu897\/2019\/10\/portaventura-park_00_mini.png\"><img loading=\"lazy\" decoding=\"async\" class=\" wp-image-6437 alignright\" src=\"https:\/\/agora.xtec.cat\/escolalavilapalamos\/wp-content\/uploads\/usu897\/2019\/10\/portaventura-park_00_mini.png\" alt=\"\" width=\"438\" height=\"291\" srcset=\"https:\/\/agora.xtec.cat\/escolalavilapalamos\/wp-content\/uploads\/usu897\/2019\/10\/portaventura-park_00_mini.png 688w, https:\/\/agora.xtec.cat\/escolalavilapalamos\/wp-content\/uploads\/usu897\/2019\/10\/portaventura-park_00_mini-300x200.png 300w\" sizes=\"auto, (max-width: 438px) 100vw, 438px\" \/><\/a><strong>Els propers 2, 3 i 4 de juny de 2021<\/strong> els alumnes de 6\u00e8 van de <strong>viatge de final de curs<\/strong> a Coma-ruga i Port Aventura<strong>. <\/strong>El viatge inclou: autocar, estada a l&#8217;hotel, monitoratge, activitats esportives, trasllat, entrada i dinar a Port Aventura .<\/p>\n<p>Totes les activitats es portaran a terme seguint el protocol establert pel PROCICAT referent a sortides i excursions<\/p>\n<p>Trobareu el programa del viatge i el que cal portar a <a href=\"https:\/\/drive.google.com\/file\/d\/12DIkClGb4cbpH8Ic7Wr1KcAcxYY9kBCr\/view?usp=sharing\">la circular<\/a>. Si els nois\/es s&#8217;han de prendre alguna medicaci\u00f3 han de portar la prescripci\u00f3 m\u00e8dica i <a href=\"https:\/\/drive.google.com\/file\/d\/0B0P6-dzfPaO5S3JGZHllRTAzZFU\/view\">aquesta circular<\/a> de l&#8217;escola.<\/p>\n<p><strong>Cal retornar l&#8217;autoritzaci\u00f3 a l&#8217;escola abans de dilluns 24 de maig<\/strong><\/p>\n","protected":false},"excerpt":{"rendered":"<p><a href=\"https:\/\/agora.xtec.cat\/escolalavilapalamos\/wp-content\/uploads\/usu897\/2019\/10\/portaventura-park_00_mini.png\"><\/a>Els propers 2, 3 i 4 de juny de 2021 els alumnes de 6\u00e8 van de viatge de final de curs a Coma-ruga i Port Aventura. El viatge inclou: autocar, estada a l&#8217;hotel, monitoratge, activitats esportives, trasllat, entrada i dinar a Port Aventura .<br \/>\nTotes&hellip;  <a href=\"https:\/\/agora.xtec.cat\/escolalavilapalamos\/general\/viatge-de-final-de-curs-de-6e-6\/\" title=\"Read Viatge de final de curs de 6\u00e8\u00a0\">Llegeix m\u00e9s\u00bb<\/a><\/p>\n","protected":false},"author":1,"featured_media":6437,"comment_status":"open","ping_status":"closed","sticky":false,"template":"","format":"standard","meta":{"_bbp_topic_count":0,"_bbp_reply_count":0,"_bbp_total_topic_count":0,"_bbp_total_reply_count":0,"_bbp_voice_count":0,"_bbp_anonymous_reply_count":0,"_bbp_topic_count_hidden":0,"_bbp_reply_count_hidden":0,"_bbp_forum_subforum_count":0,"footnotes":""},"categories":[128,1,4],"tags":[],"class_list":["post-9515","post","type-post","status-publish","format-standard","has-post-thumbnail","hentry","category-comunitat-de-grans","category-general","category-portada"],"post_mailing_queue_ids":[],"_links":{"self":[{"href":"https:\/\/agora.xtec.cat\/escolalavilapalamos\/wp-json\/wp\/v2\/posts\/9515","targetHints":{"allow":["GET"]}}],"collection":[{"href":"https:\/\/agora.xtec.cat\/escolalavilapalamos\/wp-json\/wp\/v2\/posts"}],"about":[{"href":"https:\/\/agora.xtec.cat\/escolalavilapalamos\/wp-json\/wp\/v2\/types\/post"}],"author":[{"embeddable":true,"href":"https:\/\/agora.xtec.cat\/escolalavilapalamos\/wp-json\/wp\/v2\/users\/1"}],"replies":[{"embeddable":true,"href":"https:\/\/agora.xtec.cat\/escolalavilapalamos\/wp-json\/wp\/v2\/comments?post=9515"}],"version-history":[{"count":2,"href":"https:\/\/agora.xtec.cat\/escolalavilapalamos\/wp-json\/wp\/v2\/posts\/9515\/revisions"}],"predecessor-version":[{"id":9517,"href":"https:\/\/agora.xtec.cat\/escolalavilapalamos\/wp-json\/wp\/v2\/posts\/9515\/revisions\/9517"}],"wp:featuredmedia":[{"embeddable":true,"href":"https:\/\/agora.xtec.cat\/escolalavilapalamos\/wp-json\/wp\/v2\/media\/6437"}],"wp:attachment":[{"href":"https:\/\/agora.xtec.cat\/escolalavilapalamos\/wp-json\/wp\/v2\/media?parent=9515"}],"wp:term":[{"taxonomy":"category","embeddable":true,"href":"https:\/\/agora.xtec.cat\/escolalavilapalamos\/wp-json\/wp\/v2\/categories?post=9515"},{"taxonomy":"post_tag","embeddable":true,"href":"https:\/\/agora.xtec.cat\/escolalavilapalamos\/wp-json\/wp\/v2\/tags?post=9515"}],"curies":[{"name":"wp","href":"https:\/\/api.w.org\/{rel}","templated":true}]}}