{"id":9511,"date":"2021-05-18T09:20:41","date_gmt":"2021-05-18T07:20:41","guid":{"rendered":"http:\/\/agora.xtec.cat\/escolalavilapalamos\/?p=9511"},"modified":"2021-05-24T16:32:33","modified_gmt":"2021-05-24T14:32:33","slug":"p5-excursio-mas-pages","status":"publish","type":"post","link":"https:\/\/agora.xtec.cat\/escolalavilapalamos\/infantil\/p5-excursio-mas-pages\/","title":{"rendered":"Excursi\u00f3 a Mas Pag\u00e8s de P5"},"content":{"rendered":"<p>Els grups de P5 hem anat d&#8217;excursi\u00f3 al Mas Pag\u00e8s a Sant Esteve de Guialbes.<\/p>\n<p>Ha estat un dia intens d&#8217;activitats!!! Us podeu descarregar les fotos <a href=\"https:\/\/photos.app.goo.gl\/Z1u8v72Kvc1B52NSA\">aqu\u00ed<\/a><\/p>\n<p><iframe loading=\"lazy\" title=\"MAS PAGES P5 maig21\" width=\"500\" height=\"281\" src=\"https:\/\/www.youtube.com\/embed\/idfMWL9kQ6Y?feature=oembed\" frameborder=\"0\" allow=\"accelerometer; autoplay; clipboard-write; encrypted-media; gyroscope; picture-in-picture; web-share\" referrerpolicy=\"strict-origin-when-cross-origin\" allowfullscreen><\/iframe><\/p>\n","protected":false},"excerpt":{"rendered":"<p>Els grups de P5 hem anat d&#8217;excursi\u00f3 al Mas Pag\u00e8s a Sant Esteve de Guialbes.<br \/>\nHa estat un dia intens d&#8217;activitats!!! Us podeu descarregar les fotos <a href=\"https:\/\/photos.app.goo.gl\/Z1u8v72Kvc1B52NSA\">aqu\u00ed<\/a><\/p>\n","protected":false},"author":128,"featured_media":0,"comment_status":"open","ping_status":"closed","sticky":false,"template":"","format":"standard","meta":{"_bbp_topic_count":0,"_bbp_reply_count":0,"_bbp_total_topic_count":0,"_bbp_total_reply_count":0,"_bbp_voice_count":0,"_bbp_anonymous_reply_count":0,"_bbp_topic_count_hidden":0,"_bbp_reply_count_hidden":0,"_bbp_forum_subforum_count":0,"footnotes":""},"categories":[2,4],"tags":[],"class_list":["post-9511","post","type-post","status-publish","format-standard","hentry","category-infantil","category-portada"],"post_mailing_queue_ids":[],"_links":{"self":[{"href":"https:\/\/agora.xtec.cat\/escolalavilapalamos\/wp-json\/wp\/v2\/posts\/9511","targetHints":{"allow":["GET"]}}],"collection":[{"href":"https:\/\/agora.xtec.cat\/escolalavilapalamos\/wp-json\/wp\/v2\/posts"}],"about":[{"href":"https:\/\/agora.xtec.cat\/escolalavilapalamos\/wp-json\/wp\/v2\/types\/post"}],"author":[{"embeddable":true,"href":"https:\/\/agora.xtec.cat\/escolalavilapalamos\/wp-json\/wp\/v2\/users\/128"}],"replies":[{"embeddable":true,"href":"https:\/\/agora.xtec.cat\/escolalavilapalamos\/wp-json\/wp\/v2\/comments?post=9511"}],"version-history":[{"count":4,"href":"https:\/\/agora.xtec.cat\/escolalavilapalamos\/wp-json\/wp\/v2\/posts\/9511\/revisions"}],"predecessor-version":[{"id":9547,"href":"https:\/\/agora.xtec.cat\/escolalavilapalamos\/wp-json\/wp\/v2\/posts\/9511\/revisions\/9547"}],"wp:attachment":[{"href":"https:\/\/agora.xtec.cat\/escolalavilapalamos\/wp-json\/wp\/v2\/media?parent=9511"}],"wp:term":[{"taxonomy":"category","embeddable":true,"href":"https:\/\/agora.xtec.cat\/escolalavilapalamos\/wp-json\/wp\/v2\/categories?post=9511"},{"taxonomy":"post_tag","embeddable":true,"href":"https:\/\/agora.xtec.cat\/escolalavilapalamos\/wp-json\/wp\/v2\/tags?post=9511"}],"curies":[{"name":"wp","href":"https:\/\/api.w.org\/{rel}","templated":true}]}}