{"id":951,"date":"2019-03-25T08:00:51","date_gmt":"2019-03-25T07:00:51","guid":{"rendered":"http:\/\/agora.xtec.cat\/escolalavilapalamos\/?p=951"},"modified":"2019-03-25T08:54:38","modified_gmt":"2019-03-25T07:54:38","slug":"portes-obertes-a-lescola","status":"publish","type":"post","link":"https:\/\/agora.xtec.cat\/escolalavilapalamos\/general\/portes-obertes-a-lescola\/","title":{"rendered":"Portes Obertes a l&#8217;escola"},"content":{"rendered":"<p>&nbsp;<\/p>\n<h4>Portes obertes a l\u2019Escola La Vila !!!<a href=\"https:\/\/agora.xtec.cat\/escolalavilapalamos\/wp-content\/uploads\/usu897\/2019\/02\/portes-obertes2019.jpeg\"><img loading=\"lazy\" decoding=\"async\" class=\"wp-image-5046 alignright\" src=\"https:\/\/agora.xtec.cat\/escolalavilapalamos\/wp-content\/uploads\/usu897\/2019\/02\/portes-obertes2019-724x1024.jpeg\" sizes=\"auto, (max-width: 342px) 100vw, 342px\" srcset=\"https:\/\/agora.xtec.cat\/escolalavilapalamos\/wp-content\/uploads\/usu897\/2019\/02\/portes-obertes2019-724x1024.jpeg 724w, https:\/\/agora.xtec.cat\/escolalavilapalamos\/wp-content\/uploads\/usu897\/2019\/02\/portes-obertes2019-212x300.jpeg 212w, https:\/\/agora.xtec.cat\/escolalavilapalamos\/wp-content\/uploads\/usu897\/2019\/02\/portes-obertes2019-768x1086.jpeg 768w, https:\/\/agora.xtec.cat\/escolalavilapalamos\/wp-content\/uploads\/usu897\/2019\/02\/portes-obertes2019.jpeg 794w\" alt=\"\" width=\"342\" height=\"484\" \/><\/a><\/h4>\n<p><strong>Dissabte 9 de mar\u00e7 a les 10:30 h<\/strong><br \/>\nRebuda en el pavell\u00f3 de l\u2019escola. Presentaci\u00f3 del projecte educatiu del centre. A continuaci\u00f3 visita de les instal\u00b7lacions<\/p>\n<p><strong>Dimarts 12 de mar\u00e7<\/strong> a les 9 h i <strong>dimecres 13 de mar\u00e7<\/strong> de 15h. Visita el dia a dia de l\u2019escola.<\/p>\n<p><strong>Darrer dia de portes obertes: Dijous 28 de mar\u00e7 a les 15 h<\/strong><\/p>\n<p><a href=\"https:\/\/youtu.be\/TlCNzGw90Ug\">Audiovisual de l\u2019escola 1<\/a>. <a href=\"https:\/\/www.youtube.com\/watch?v=yEe-mOcF8sY&amp;app=desktop\">Audiovisual de l\u2019escola 2\u00a0<\/a> presentat a la Jornada de portes obertes d\u2019enguany<\/p>\n<p>Presentaci\u00f3 <em><a href=\"http:\/\/prezi.com\/9qxkgnwrtdme\/?utm_campaign=share&amp;utm_medium=copy\">Com \u00e9s l\u2019escola La Vila<\/a><br \/>\n<\/em><\/p>\n<p><a href=\"http:\/\/www.fbofill.cat\/publicacions\/8-orientacions-triar-escola\">8 recomanacions per triar escola<\/a>. Fundaci\u00f3 Jaume Bofill<\/p>\n<p>Segueix el dia a dia de l\u2019escola des dels nostres canals: <a href=\"https:\/\/www.youtube.com\/results?search_query=escola+la++vila\">youtube<\/a>, <a href=\"https:\/\/www.facebook.com\/escola.lavilapalamos\">facebook<\/a>, <a href=\"https:\/\/twitter.com\/EscolalaVila\">twitter<\/a>.<\/p>\n<p><strong>Preinscipci\u00f3 19-20<\/strong>: <a href=\"https:\/\/drive.google.com\/file\/d\/1X9fcS59yF0UKfvUGHWjtcuMJXUIdh_wC\/view?usp=sharing\">Calendari<\/a> , <a href=\"https:\/\/drive.google.com\/file\/d\/1oGzbVUMbCZ8mLriz-XpGHhdLs3va7phg\/view?usp=sharing\">Documentaci\u00f3 i criteris<\/a>\u00a0 i\u00a0 <a href=\"https:\/\/drive.google.com\/file\/d\/1F5o2S39sXdE1uJHSkhYyMiGJsDqAPeNm\/view?usp=sharing\">Full de preinscripci\u00f3 19-20<\/a>. El termini de presentaci\u00f3 de sol\u00b7licituds previstos per al <strong>segon cicle d\u2019educaci\u00f3 infantil, prim\u00e0ria i secund\u00e0ria obligat\u00f2ria ser\u00e0 del 29 de mar\u00e7 al 9 d\u2019abril, ambdos inclosos.<\/strong><\/p>\n<p><a href=\"https:\/\/drive.google.com\/file\/d\/1lG_2NwT0oZZy1LpOWSSoimLOom1ra6lg\/view?usp=sharing\">RESOLUCI\u00d3 EDU\/452\/2019, de 21 de febrer, per la qual s\u2019aproven les normes de preinscripci\u00f3 i matr\u00edcula<\/a><br \/>\n<a href=\"https:\/\/drive.google.com\/file\/d\/1lG_2NwT0oZZy1LpOWSSoimLOom1ra6lg\/view?usp=sharing\">d\u2019alumnes als centres del Servei d\u2019Educaci\u00f3 de Catalunya i altres centres educatius, en els diversos<\/a><br \/>\n<a href=\"https:\/\/drive.google.com\/file\/d\/1lG_2NwT0oZZy1LpOWSSoimLOom1ra6lg\/view?usp=sharing\">ensenyaments sostinguts amb fons p\u00fablics, per al curs 2019-2020.<\/a><\/p>\n<p><b>Al llarg d\u2019aquests dies actualitzarem la informaci\u00f3 sobre el procediment.<\/b><\/p>\n<p>Tota la informaci\u00f3 sobre la preinscripci\u00f3 del Departament d\u2019Ensenyament la trobareu <a href=\"http:\/\/queestudiar.gencat.cat\/ca\/preinscripcio\/\">aqu\u00ed<\/a>.<\/p>\n<h5>US HI ESPEREM !!!!<\/h5>\n","protected":false},"excerpt":{"rendered":"<p>&nbsp;<br \/>\nPortes obertes a l\u2019Escola La Vila !!!<a href=\"https:\/\/agora.xtec.cat\/escolalavilapalamos\/wp-content\/uploads\/usu897\/2019\/02\/portes-obertes2019.jpeg\"><\/a><br \/>\nDissabte 9 de mar\u00e7 a les 10:30 h<br \/>\nRebuda en el pavell\u00f3 de l\u2019escola. Presentaci\u00f3 del projecte educatiu del centre. A continuaci\u00f3 visita de les instal\u00b7lacions<br \/>\nDimarts 12 de mar\u00e7 a les 9 h i dimecres 13 de mar\u00e7 de&hellip;  <a href=\"https:\/\/agora.xtec.cat\/escolalavilapalamos\/general\/portes-obertes-a-lescola\/\" title=\"Read Portes Obertes a l&#8217;escola\">Llegeix m\u00e9s\u00bb<\/a><\/p>\n","protected":false},"author":1,"featured_media":5046,"comment_status":"open","ping_status":"closed","sticky":false,"template":"","format":"standard","meta":{"_bbp_topic_count":0,"_bbp_reply_count":0,"_bbp_total_topic_count":0,"_bbp_total_reply_count":0,"_bbp_voice_count":0,"_bbp_anonymous_reply_count":0,"_bbp_topic_count_hidden":0,"_bbp_reply_count_hidden":0,"_bbp_forum_subforum_count":0,"footnotes":""},"categories":[2,1,4,5],"tags":[],"class_list":["post-951","post","type-post","status-publish","format-standard","has-post-thumbnail","hentry","category-infantil","category-general","category-portada","category-primaria"],"post_mailing_queue_ids":[],"_links":{"self":[{"href":"https:\/\/agora.xtec.cat\/escolalavilapalamos\/wp-json\/wp\/v2\/posts\/951","targetHints":{"allow":["GET"]}}],"collection":[{"href":"https:\/\/agora.xtec.cat\/escolalavilapalamos\/wp-json\/wp\/v2\/posts"}],"about":[{"href":"https:\/\/agora.xtec.cat\/escolalavilapalamos\/wp-json\/wp\/v2\/types\/post"}],"author":[{"embeddable":true,"href":"https:\/\/agora.xtec.cat\/escolalavilapalamos\/wp-json\/wp\/v2\/users\/1"}],"replies":[{"embeddable":true,"href":"https:\/\/agora.xtec.cat\/escolalavilapalamos\/wp-json\/wp\/v2\/comments?post=951"}],"version-history":[{"count":3,"href":"https:\/\/agora.xtec.cat\/escolalavilapalamos\/wp-json\/wp\/v2\/posts\/951\/revisions"}],"predecessor-version":[{"id":5548,"href":"https:\/\/agora.xtec.cat\/escolalavilapalamos\/wp-json\/wp\/v2\/posts\/951\/revisions\/5548"}],"wp:featuredmedia":[{"embeddable":true,"href":"https:\/\/agora.xtec.cat\/escolalavilapalamos\/wp-json\/wp\/v2\/media\/5046"}],"wp:attachment":[{"href":"https:\/\/agora.xtec.cat\/escolalavilapalamos\/wp-json\/wp\/v2\/media?parent=951"}],"wp:term":[{"taxonomy":"category","embeddable":true,"href":"https:\/\/agora.xtec.cat\/escolalavilapalamos\/wp-json\/wp\/v2\/categories?post=951"},{"taxonomy":"post_tag","embeddable":true,"href":"https:\/\/agora.xtec.cat\/escolalavilapalamos\/wp-json\/wp\/v2\/tags?post=951"}],"curies":[{"name":"wp","href":"https:\/\/api.w.org\/{rel}","templated":true}]}}