{"id":9501,"date":"2021-05-17T10:49:25","date_gmt":"2021-05-17T08:49:25","guid":{"rendered":"http:\/\/agora.xtec.cat\/escolalavilapalamos\/?p=9501"},"modified":"2021-05-18T09:24:57","modified_gmt":"2021-05-18T07:24:57","slug":"palamos-terra-de-mar","status":"publish","type":"post","link":"https:\/\/agora.xtec.cat\/escolalavilapalamos\/general\/palamos-terra-de-mar\/","title":{"rendered":"Palam\u00f3s, terra de mar"},"content":{"rendered":"<p><a href=\"http:\/\/agora.xtec.cat\/escolalavilapalamos\/wp-content\/uploads\/usu897\/2017\/05\/terrademar.jpg\"><img loading=\"lazy\" decoding=\"async\" class=\"wp-image-1415 alignleft\" src=\"http:\/\/agora.xtec.cat\/escolalavilapalamos\/wp-content\/uploads\/usu897\/2017\/05\/terrademar.jpg\" alt=\"terrademar\" width=\"304\" height=\"310\" srcset=\"https:\/\/agora.xtec.cat\/escolalavilapalamos\/wp-content\/uploads\/usu897\/2017\/05\/terrademar.jpg 500w, https:\/\/agora.xtec.cat\/escolalavilapalamos\/wp-content\/uploads\/usu897\/2017\/05\/terrademar-294x300.jpg 294w\" sizes=\"auto, (max-width: 304px) 100vw, 304px\" \/><\/a>Nova edici\u00f3 del <strong>Festival Mariner Palam\u00f3s Terra de Mar<\/strong>. Tot \u00e9s a punt per a la nova edici\u00f3 del festival mariner de la Costa Brava, Palam\u00f3s Terra de Mar, que comen\u00e7ar\u00e0 aquest proper cap de setmana, 22 i 23 de maig, al port de Palam\u00f3s. L&#8217;edici\u00f3 d&#8217;enguany es prorroga durant tres caps de setmana: el 22-23, el 29-30 de maig i el 5 i 6 de juny.<\/p>\n<p>El festival mariner, aquesta edici\u00f3 fa una crida a la neteja dels oceans. Palam\u00f3s Terra de Mar et convida a participar el festival mar\u00edtim dedicat a conscienciar sobre la import\u00e0ncia de mantenir uns oceans nets, saludables, productius i resilients.<\/p>\n<p><a href=\"https:\/\/agora.xtec.cat\/escolalavilapalamos\/wp-content\/uploads\/usu897\/2021\/05\/1608114120_124649_1608114262_noticia_normal.jpg\"><img loading=\"lazy\" decoding=\"async\" class=\"size-medium wp-image-9503 alignright\" src=\"https:\/\/agora.xtec.cat\/escolalavilapalamos\/wp-content\/uploads\/usu897\/2021\/05\/1608114120_124649_1608114262_noticia_normal-300x200.jpg\" alt=\"\" width=\"300\" height=\"200\" srcset=\"https:\/\/agora.xtec.cat\/escolalavilapalamos\/wp-content\/uploads\/usu897\/2021\/05\/1608114120_124649_1608114262_noticia_normal-300x200.jpg 300w, https:\/\/agora.xtec.cat\/escolalavilapalamos\/wp-content\/uploads\/usu897\/2021\/05\/1608114120_124649_1608114262_noticia_normal-768x511.jpg 768w, https:\/\/agora.xtec.cat\/escolalavilapalamos\/wp-content\/uploads\/usu897\/2021\/05\/1608114120_124649_1608114262_noticia_normal-1024x682.jpg 1024w, https:\/\/agora.xtec.cat\/escolalavilapalamos\/wp-content\/uploads\/usu897\/2021\/05\/1608114120_124649_1608114262_noticia_normal.jpg 1080w\" sizes=\"auto, (max-width: 300px) 100vw, 300px\" \/><\/a>En aquesta ocasi\u00f3 es podr\u00e0 visitar<strong> la Nao Vist\u00f2ri<\/strong>a, una r\u00e8plica de l&#8217;embarcaci\u00f3 que va dur Magallanes a completar la primera circumnavegaci\u00f3 del planeta Terra entre els anys 1519 i 1522. Dissabte 29 maig i diumenge 30 de maig.\u00a0<em>De 10 a 20.30. <\/em>M\u00e9s informaci\u00f3 a <a href=\"https:\/\/fundacionnaovictoria.org\/\">fundacionnaovictoria.org<\/a><\/p>\n<p>A m\u00e9s a m\u00e9s, al Palam\u00f3s Terra de Mar podreu participar en un gran nombre d\u2019 activitats marineres destinades a tot tipus de p\u00fablic. M\u00e9s informaci\u00f3 a <a href=\"https:\/\/palamosterrademar.cat\/\">palamosterrademar.cat.\u00a0<\/a><a href=\"https:\/\/palamosterrademar.cat\/index.php\/programa\">Programa d&#8217;activitats <\/a><\/p>\n","protected":false},"excerpt":{"rendered":"<p><a href=\"http:\/\/agora.xtec.cat\/escolalavilapalamos\/wp-content\/uploads\/usu897\/2017\/05\/terrademar.jpg\"><\/a>Nova edici\u00f3 del Festival Mariner Palam\u00f3s Terra de Mar. Tot \u00e9s a punt per a la nova edici\u00f3 del festival mariner de la Costa Brava, Palam\u00f3s Terra de Mar, que comen\u00e7ar\u00e0 aquest proper cap de setmana, 22 i 23 de maig, al port de&hellip;  <a href=\"https:\/\/agora.xtec.cat\/escolalavilapalamos\/general\/palamos-terra-de-mar\/\" title=\"Read Palam\u00f3s, terra de mar\">Llegeix m\u00e9s\u00bb<\/a><\/p>\n","protected":false},"author":1,"featured_media":1415,"comment_status":"open","ping_status":"closed","sticky":false,"template":"","format":"standard","meta":{"_bbp_topic_count":0,"_bbp_reply_count":0,"_bbp_total_topic_count":0,"_bbp_total_reply_count":0,"_bbp_voice_count":0,"_bbp_anonymous_reply_count":0,"_bbp_topic_count_hidden":0,"_bbp_reply_count_hidden":0,"_bbp_forum_subforum_count":0,"footnotes":""},"categories":[1,4],"tags":[],"class_list":["post-9501","post","type-post","status-publish","format-standard","has-post-thumbnail","hentry","category-general","category-portada"],"post_mailing_queue_ids":[],"_links":{"self":[{"href":"https:\/\/agora.xtec.cat\/escolalavilapalamos\/wp-json\/wp\/v2\/posts\/9501","targetHints":{"allow":["GET"]}}],"collection":[{"href":"https:\/\/agora.xtec.cat\/escolalavilapalamos\/wp-json\/wp\/v2\/posts"}],"about":[{"href":"https:\/\/agora.xtec.cat\/escolalavilapalamos\/wp-json\/wp\/v2\/types\/post"}],"author":[{"embeddable":true,"href":"https:\/\/agora.xtec.cat\/escolalavilapalamos\/wp-json\/wp\/v2\/users\/1"}],"replies":[{"embeddable":true,"href":"https:\/\/agora.xtec.cat\/escolalavilapalamos\/wp-json\/wp\/v2\/comments?post=9501"}],"version-history":[{"count":3,"href":"https:\/\/agora.xtec.cat\/escolalavilapalamos\/wp-json\/wp\/v2\/posts\/9501\/revisions"}],"predecessor-version":[{"id":9505,"href":"https:\/\/agora.xtec.cat\/escolalavilapalamos\/wp-json\/wp\/v2\/posts\/9501\/revisions\/9505"}],"wp:featuredmedia":[{"embeddable":true,"href":"https:\/\/agora.xtec.cat\/escolalavilapalamos\/wp-json\/wp\/v2\/media\/1415"}],"wp:attachment":[{"href":"https:\/\/agora.xtec.cat\/escolalavilapalamos\/wp-json\/wp\/v2\/media?parent=9501"}],"wp:term":[{"taxonomy":"category","embeddable":true,"href":"https:\/\/agora.xtec.cat\/escolalavilapalamos\/wp-json\/wp\/v2\/categories?post=9501"},{"taxonomy":"post_tag","embeddable":true,"href":"https:\/\/agora.xtec.cat\/escolalavilapalamos\/wp-json\/wp\/v2\/tags?post=9501"}],"curies":[{"name":"wp","href":"https:\/\/api.w.org\/{rel}","templated":true}]}}