{"id":9488,"date":"2021-05-17T09:13:28","date_gmt":"2021-05-17T07:13:28","guid":{"rendered":"http:\/\/agora.xtec.cat\/escolalavilapalamos\/?p=9488"},"modified":"2021-05-17T10:50:23","modified_gmt":"2021-05-17T08:50:23","slug":"observem-experiments-a-p4","status":"publish","type":"post","link":"https:\/\/agora.xtec.cat\/escolalavilapalamos\/general\/observem-experiments-a-p4\/","title":{"rendered":"Observem experiments a P4"},"content":{"rendered":"<p>Als nens i nenes de P4 ens encanta <strong>convertir-nos de tant en tant en petits cient\u00edfics<\/strong>: Ens posem la bata, les ulleres, el bol\u00edgraf a la butxaca i els cabells com l&#8217;Einstein!<\/p>\n<p>Us volem ensenyar dos dels experiments que hem fet:<strong> La flor m\u00e0gica i l&#8217;arc de Sant Mart\u00ed amb <em>lacasitos<\/em><\/strong><\/p>\n<p>En el primer experiment, hem observat com al posar a sobre de l&#8217;aigua una flor de paper tancada, se li obrien lentament els p\u00e8tals! Hem apr\u00e8s que el paper t\u00e9 un porus per on passa l&#8217;aigua com a les plantes (la capil\u00b7laritat).<\/p>\n<p>Al segon experiment, hem col\u00b7locat en un plat <em>lacasitos<\/em> de diferents colors amb una mica d&#8217;aigua. Hem observat com sorgia l&#8217;arc de San Mart\u00ed i com suren les lletres dels caramels.<\/p>\n<p>Hem apr\u00e8s que\u00a0 q<span style=\"font-weight: 400;\">uan el colorant\u00a0 dels caramels es dissol forma colors, i les lletres suren perqu\u00e8 s\u00f3n menys denses que l&#8217;aigua.<\/span><\/p>\n<p>La Flor M\u00e0gica<\/p>\n<p><a href=\"https:\/\/photos.app.goo.gl\/ZV9oJ93mqCgpU1eG7\"><img loading=\"lazy\" decoding=\"async\" class=\"wp-image-9490 aligncenter\" src=\"https:\/\/agora.xtec.cat\/escolalavilapalamos\/wp-content\/uploads\/usu897\/2021\/05\/IMG_2006-1024x768.jpg\" alt=\"\" width=\"313\" height=\"235\" srcset=\"https:\/\/agora.xtec.cat\/escolalavilapalamos\/wp-content\/uploads\/usu897\/2021\/05\/IMG_2006-1024x768.jpg 1024w, https:\/\/agora.xtec.cat\/escolalavilapalamos\/wp-content\/uploads\/usu897\/2021\/05\/IMG_2006-300x225.jpg 300w, https:\/\/agora.xtec.cat\/escolalavilapalamos\/wp-content\/uploads\/usu897\/2021\/05\/IMG_2006-768x576.jpg 768w, https:\/\/agora.xtec.cat\/escolalavilapalamos\/wp-content\/uploads\/usu897\/2021\/05\/IMG_2006-200x150.jpg 200w\" sizes=\"auto, (max-width: 313px) 100vw, 313px\" \/><\/a><\/p>\n<p>Arc de Sant Mart\u00ed (<em>Lacasitos<\/em>)<\/p>\n<p><a href=\"https:\/\/photos.app.goo.gl\/i5HQiRnq9HLT8Ewa9\"><img loading=\"lazy\" decoding=\"async\" class=\"aligncenter size-full wp-image-9491\" src=\"https:\/\/agora.xtec.cat\/escolalavilapalamos\/wp-content\/uploads\/usu897\/2021\/05\/Sense-t\u00edtol.jpg\" alt=\"\" width=\"330\" height=\"311\" srcset=\"https:\/\/agora.xtec.cat\/escolalavilapalamos\/wp-content\/uploads\/usu897\/2021\/05\/Sense-t\u00edtol.jpg 330w, https:\/\/agora.xtec.cat\/escolalavilapalamos\/wp-content\/uploads\/usu897\/2021\/05\/Sense-t\u00edtol-300x283.jpg 300w\" sizes=\"auto, (max-width: 330px) 100vw, 330px\" \/><\/a><\/p>\n","protected":false},"excerpt":{"rendered":"<p>Als nens i nenes de P4 ens encanta convertir-nos de tant en tant en petits cient\u00edfics: Ens posem la bata, les ulleres, el bol\u00edgraf a la butxaca i els cabells com l&#8217;Einstein!<br \/>\nUs volem ensenyar dos dels experiments que hem fet: La flor m\u00e0gica i l&#8217;arc&hellip;  <a href=\"https:\/\/agora.xtec.cat\/escolalavilapalamos\/general\/observem-experiments-a-p4\/\" title=\"Read Observem experiments a P4\">Llegeix m\u00e9s\u00bb<\/a><\/p>\n","protected":false},"author":128,"featured_media":9491,"comment_status":"open","ping_status":"closed","sticky":false,"template":"","format":"standard","meta":{"_bbp_topic_count":0,"_bbp_reply_count":0,"_bbp_total_topic_count":0,"_bbp_total_reply_count":0,"_bbp_voice_count":0,"_bbp_anonymous_reply_count":0,"_bbp_topic_count_hidden":0,"_bbp_reply_count_hidden":0,"_bbp_forum_subforum_count":0,"footnotes":""},"categories":[1,4],"tags":[],"class_list":["post-9488","post","type-post","status-publish","format-standard","has-post-thumbnail","hentry","category-general","category-portada"],"post_mailing_queue_ids":[],"_links":{"self":[{"href":"https:\/\/agora.xtec.cat\/escolalavilapalamos\/wp-json\/wp\/v2\/posts\/9488","targetHints":{"allow":["GET"]}}],"collection":[{"href":"https:\/\/agora.xtec.cat\/escolalavilapalamos\/wp-json\/wp\/v2\/posts"}],"about":[{"href":"https:\/\/agora.xtec.cat\/escolalavilapalamos\/wp-json\/wp\/v2\/types\/post"}],"author":[{"embeddable":true,"href":"https:\/\/agora.xtec.cat\/escolalavilapalamos\/wp-json\/wp\/v2\/users\/128"}],"replies":[{"embeddable":true,"href":"https:\/\/agora.xtec.cat\/escolalavilapalamos\/wp-json\/wp\/v2\/comments?post=9488"}],"version-history":[{"count":3,"href":"https:\/\/agora.xtec.cat\/escolalavilapalamos\/wp-json\/wp\/v2\/posts\/9488\/revisions"}],"predecessor-version":[{"id":9500,"href":"https:\/\/agora.xtec.cat\/escolalavilapalamos\/wp-json\/wp\/v2\/posts\/9488\/revisions\/9500"}],"wp:featuredmedia":[{"embeddable":true,"href":"https:\/\/agora.xtec.cat\/escolalavilapalamos\/wp-json\/wp\/v2\/media\/9491"}],"wp:attachment":[{"href":"https:\/\/agora.xtec.cat\/escolalavilapalamos\/wp-json\/wp\/v2\/media?parent=9488"}],"wp:term":[{"taxonomy":"category","embeddable":true,"href":"https:\/\/agora.xtec.cat\/escolalavilapalamos\/wp-json\/wp\/v2\/categories?post=9488"},{"taxonomy":"post_tag","embeddable":true,"href":"https:\/\/agora.xtec.cat\/escolalavilapalamos\/wp-json\/wp\/v2\/tags?post=9488"}],"curies":[{"name":"wp","href":"https:\/\/api.w.org\/{rel}","templated":true}]}}