{"id":9484,"date":"2021-05-14T16:45:28","date_gmt":"2021-05-14T14:45:28","guid":{"rendered":"http:\/\/agora.xtec.cat\/escolalavilapalamos\/?p=9484"},"modified":"2021-05-18T09:54:55","modified_gmt":"2021-05-18T07:54:55","slug":"la-sortida-a-mas-pages-de-p4","status":"publish","type":"post","link":"https:\/\/agora.xtec.cat\/escolalavilapalamos\/general\/la-sortida-a-mas-pages-de-p4\/","title":{"rendered":"La sortida a Mas Pag\u00e8s de P4"},"content":{"rendered":"<p><a href=\"https:\/\/photos.app.goo.gl\/j7Vwa1LVa3DF1g5t9\"><img loading=\"lazy\" decoding=\"async\" class=\"wp-image-9496 aligncenter\" src=\"https:\/\/agora.xtec.cat\/escolalavilapalamos\/wp-content\/uploads\/usu897\/2021\/05\/IMG_2214-300x128.jpg\" alt=\"\" width=\"560\" height=\"239\" srcset=\"https:\/\/agora.xtec.cat\/escolalavilapalamos\/wp-content\/uploads\/usu897\/2021\/05\/IMG_2214-300x128.jpg 300w, https:\/\/agora.xtec.cat\/escolalavilapalamos\/wp-content\/uploads\/usu897\/2021\/05\/IMG_2214-768x328.jpg 768w, https:\/\/agora.xtec.cat\/escolalavilapalamos\/wp-content\/uploads\/usu897\/2021\/05\/IMG_2214-1024x437.jpg 1024w, https:\/\/agora.xtec.cat\/escolalavilapalamos\/wp-content\/uploads\/usu897\/2021\/05\/IMG_2214.jpg 1920w\" sizes=\"auto, (max-width: 560px) 100vw, 560px\" \/><\/a><\/p>\n<p>Els nens i nenes de P4 hem anat d&#8217;excursi\u00f3\u00a0 en autob\u00fas a la casa de col\u00f2nies Mas Pag\u00e8s de Sant Esteve de Guialbes.<\/p>\n<p>Quan hem arribat hem esmorzat i jugat en un prat\u00a0 davant de la casa que han trobat que era molt gran.<\/p>\n<p>Han vingut uns monitors i monitores que ens han ensenyat i explicat un munt de coses sobre les Plantes arom\u00e0tiques: les hem vist, tocat i olorat; tamb\u00e9 hem plantat i regat llavors de julivert; hem recollit fulles de roman\u00ed i ens han guiat pel bosc a descobrir altres\u00a0 plantes arom\u00e0tiques, nius d&#8217;ocells o d&#8217;esquirols, etc.<\/p>\n<p>Com que ens ha plogut hem dinat a dins de la casa.<\/p>\n<p>Despr\u00e9s hem fet dos tallers: hem creat un sab\u00f3 de roman\u00ed, i una bomba de llavors d&#8217;alf\u00e0brega.<\/p>\n<p>ENS HO HEM PASSAT SUPER B\u00c9!<\/p>\n<p>Tornant est\u00e0vem tant cansats que ens hem adormit a l&#8217;autob\u00fas. Cliqueu la foto per veure totes les fotos de l&#8217;excursi\u00f3.<\/p>\n","protected":false},"excerpt":{"rendered":"<p><a href=\"https:\/\/photos.app.goo.gl\/j7Vwa1LVa3DF1g5t9\"><\/a><br \/>\nEls nens i nenes de P4 hem anat d&#8217;excursi\u00f3\u00a0 en autob\u00fas a la casa de col\u00f2nies Mas Pag\u00e8s de Sant Esteve de Guialbes.<br \/>\nQuan hem arribat hem esmorzat i jugat en un prat\u00a0 davant de la casa que han trobat que era molt gran.<br \/>\nHan vingut&hellip;  <a href=\"https:\/\/agora.xtec.cat\/escolalavilapalamos\/general\/la-sortida-a-mas-pages-de-p4\/\" title=\"Read La sortida a Mas Pag\u00e8s de P4\">Llegeix m\u00e9s\u00bb<\/a><\/p>\n","protected":false},"author":128,"featured_media":9496,"comment_status":"open","ping_status":"closed","sticky":false,"template":"","format":"standard","meta":{"_bbp_topic_count":0,"_bbp_reply_count":0,"_bbp_total_topic_count":0,"_bbp_total_reply_count":0,"_bbp_voice_count":0,"_bbp_anonymous_reply_count":0,"_bbp_topic_count_hidden":0,"_bbp_reply_count_hidden":0,"_bbp_forum_subforum_count":0,"footnotes":""},"categories":[1,4],"tags":[],"class_list":["post-9484","post","type-post","status-publish","format-standard","has-post-thumbnail","hentry","category-general","category-portada"],"post_mailing_queue_ids":[],"_links":{"self":[{"href":"https:\/\/agora.xtec.cat\/escolalavilapalamos\/wp-json\/wp\/v2\/posts\/9484","targetHints":{"allow":["GET"]}}],"collection":[{"href":"https:\/\/agora.xtec.cat\/escolalavilapalamos\/wp-json\/wp\/v2\/posts"}],"about":[{"href":"https:\/\/agora.xtec.cat\/escolalavilapalamos\/wp-json\/wp\/v2\/types\/post"}],"author":[{"embeddable":true,"href":"https:\/\/agora.xtec.cat\/escolalavilapalamos\/wp-json\/wp\/v2\/users\/128"}],"replies":[{"embeddable":true,"href":"https:\/\/agora.xtec.cat\/escolalavilapalamos\/wp-json\/wp\/v2\/comments?post=9484"}],"version-history":[{"count":3,"href":"https:\/\/agora.xtec.cat\/escolalavilapalamos\/wp-json\/wp\/v2\/posts\/9484\/revisions"}],"predecessor-version":[{"id":9497,"href":"https:\/\/agora.xtec.cat\/escolalavilapalamos\/wp-json\/wp\/v2\/posts\/9484\/revisions\/9497"}],"wp:featuredmedia":[{"embeddable":true,"href":"https:\/\/agora.xtec.cat\/escolalavilapalamos\/wp-json\/wp\/v2\/media\/9496"}],"wp:attachment":[{"href":"https:\/\/agora.xtec.cat\/escolalavilapalamos\/wp-json\/wp\/v2\/media?parent=9484"}],"wp:term":[{"taxonomy":"category","embeddable":true,"href":"https:\/\/agora.xtec.cat\/escolalavilapalamos\/wp-json\/wp\/v2\/categories?post=9484"},{"taxonomy":"post_tag","embeddable":true,"href":"https:\/\/agora.xtec.cat\/escolalavilapalamos\/wp-json\/wp\/v2\/tags?post=9484"}],"curies":[{"name":"wp","href":"https:\/\/api.w.org\/{rel}","templated":true}]}}