{"id":947,"date":"2019-03-11T10:31:25","date_gmt":"2019-03-11T09:31:25","guid":{"rendered":"http:\/\/agora.xtec.cat\/escolalavilapalamos\/?p=947"},"modified":"2019-03-18T16:27:37","modified_gmt":"2019-03-18T15:27:37","slug":"visitem-a-la-depuradora-de-palamos","status":"publish","type":"post","link":"https:\/\/agora.xtec.cat\/escolalavilapalamos\/general\/visitem-a-la-depuradora-de-palamos\/","title":{"rendered":"4t visita la depuradora de Palam\u00f3s"},"content":{"rendered":"<h4>Reporters la Vila<\/h4>\n<h4><iframe loading=\"lazy\" src=\"\/\/www.youtube.com\/embed\/WpU0SS03jQU\" width=\"560\" height=\"314\" allowfullscreen=\"allowfullscreen\"><\/iframe><\/h4>\n<p>Els nens i nenes van d&#8217; excursi\u00f3 a la depuradora el proper dimarts 12 de mar\u00e7. Els ensenyaran com es re-utilitza l&#8217; aigua i per veure quin \u00e9s el proc\u00e9s per depurar l&#8217;aigua.<\/p>\n<p>Marxen de l&#8217;escola a primera hora i tornen a les 12:00. Han de portar aigua, esmorzar en una bossa petita i important si fa sol la gorra.<\/p>\n<p><strong>Qu\u00e8 \u00e9s una depuradora ?<\/strong> Una depuradora o planta depuradora \u00e9s una instal\u2022laci\u00f3 on l&#8217;aigua bruta \u00e9s sotmesa a un proc\u00e9s en el qual, per mitj\u00e0 de la combinaci\u00f3 de diversos tractaments f\u00edsics, qu\u00edmics i\/o biol\u00f2gics, se n&#8217;eliminen la mat\u00e8ria en suspensi\u00f3 i les subst\u00e0ncies dissoltes. L&#8217;aigua obtinguda no \u00e9s suficientment pura per a beure, per\u00f2 si per a retornar al riu sense malmetre&#8217;l. Per a preparar l&#8217;aigua pel consum hum\u00e0, ens cal una planta potabilitzadora.<\/p>\n<p>Dimarts 5 de mar\u00e7 els nens i nenes de 4t van rebre una xerrada sobre la depuradora. Dimarts 12 de mar\u00e7 visiten\u00a0<a href=\"https:\/\/www.google.es\/maps\/search\/depuradora\/@41.8771714,3.1460452,835m\/data=!3m1!1e3!4m7!2m6!3m5!1sdepuradora!2s41.878233,+3.146235!4m2!1d3.1462352!2d41.8782325\">la depuradora de Palam\u00f3s<\/a>.<\/p>\n<p>Aquesta \u00e9s una activitat organitzada per l&#8217;\u00c0rea de Medi ambient de l&#8217;Ajuntament de Palam\u00f3s.<\/p>\n<p><img loading=\"lazy\" decoding=\"async\" class=\"alignnone alignright\" src=\"http:\/\/www.palamos.cat\/palamos\/ajuntament\/punts\/p15\/logotip.jpg\" width=\"254\" height=\"106\" \/><\/p>\n<p>M\u00e9s informaci\u00f3 a <a href=\"http:\/\/www.ccbgi.org\/sanejament_fitxa.php?id_municipi=14\">la web del Consorci Costa Brava <\/a>que porta la gesti\u00f3 de la depuradora.<\/p>\n","protected":false},"excerpt":{"rendered":"<p>Reporters la Vila<\/p>\n<p>Els nens i nenes van d&#8217; excursi\u00f3 a la depuradora el proper dimarts 12 de mar\u00e7. Els ensenyaran com es re-utilitza l&#8217; aigua i per veure quin \u00e9s el proc\u00e9s per depurar l&#8217;aigua.<br \/>\nMarxen de l&#8217;escola a primera hora i tornen a les 12:00.&hellip;  <a href=\"https:\/\/agora.xtec.cat\/escolalavilapalamos\/general\/visitem-a-la-depuradora-de-palamos\/\" title=\"Read 4t visita la depuradora de Palam\u00f3s\">Llegeix m\u00e9s\u00bb<\/a><\/p>\n","protected":false},"author":1,"featured_media":955,"comment_status":"open","ping_status":"closed","sticky":false,"template":"","format":"standard","meta":{"_bbp_topic_count":0,"_bbp_reply_count":0,"_bbp_total_topic_count":0,"_bbp_total_reply_count":0,"_bbp_voice_count":0,"_bbp_anonymous_reply_count":0,"_bbp_topic_count_hidden":0,"_bbp_reply_count_hidden":0,"_bbp_forum_subforum_count":0,"footnotes":""},"categories":[1,4,5],"tags":[],"class_list":["post-947","post","type-post","status-publish","format-standard","has-post-thumbnail","hentry","category-general","category-portada","category-primaria"],"post_mailing_queue_ids":[],"_links":{"self":[{"href":"https:\/\/agora.xtec.cat\/escolalavilapalamos\/wp-json\/wp\/v2\/posts\/947","targetHints":{"allow":["GET"]}}],"collection":[{"href":"https:\/\/agora.xtec.cat\/escolalavilapalamos\/wp-json\/wp\/v2\/posts"}],"about":[{"href":"https:\/\/agora.xtec.cat\/escolalavilapalamos\/wp-json\/wp\/v2\/types\/post"}],"author":[{"embeddable":true,"href":"https:\/\/agora.xtec.cat\/escolalavilapalamos\/wp-json\/wp\/v2\/users\/1"}],"replies":[{"embeddable":true,"href":"https:\/\/agora.xtec.cat\/escolalavilapalamos\/wp-json\/wp\/v2\/comments?post=947"}],"version-history":[{"count":4,"href":"https:\/\/agora.xtec.cat\/escolalavilapalamos\/wp-json\/wp\/v2\/posts\/947\/revisions"}],"predecessor-version":[{"id":5493,"href":"https:\/\/agora.xtec.cat\/escolalavilapalamos\/wp-json\/wp\/v2\/posts\/947\/revisions\/5493"}],"wp:featuredmedia":[{"embeddable":true,"href":"https:\/\/agora.xtec.cat\/escolalavilapalamos\/wp-json\/wp\/v2\/media\/955"}],"wp:attachment":[{"href":"https:\/\/agora.xtec.cat\/escolalavilapalamos\/wp-json\/wp\/v2\/media?parent=947"}],"wp:term":[{"taxonomy":"category","embeddable":true,"href":"https:\/\/agora.xtec.cat\/escolalavilapalamos\/wp-json\/wp\/v2\/categories?post=947"},{"taxonomy":"post_tag","embeddable":true,"href":"https:\/\/agora.xtec.cat\/escolalavilapalamos\/wp-json\/wp\/v2\/tags?post=947"}],"curies":[{"name":"wp","href":"https:\/\/api.w.org\/{rel}","templated":true}]}}