{"id":9467,"date":"2021-05-14T16:35:49","date_gmt":"2021-05-14T14:35:49","guid":{"rendered":"http:\/\/agora.xtec.cat\/escolalavilapalamos\/?p=9467"},"modified":"2021-05-18T09:58:41","modified_gmt":"2021-05-18T07:58:41","slug":"english-speaking-countries-a-5e","status":"publish","type":"post","link":"https:\/\/agora.xtec.cat\/escolalavilapalamos\/general\/english-speaking-countries-a-5e\/","title":{"rendered":"English speaking countries a 5\u00e8"},"content":{"rendered":"<p><a href=\"https:\/\/photos.app.goo.gl\/mYqsvSTQZSRfAZmg7\"><img loading=\"lazy\" decoding=\"async\" class=\"wp-image-9469 alignleft\" src=\"https:\/\/agora.xtec.cat\/escolalavilapalamos\/wp-content\/uploads\/usu897\/2021\/05\/IMG_2683-300x225.jpg\" alt=\"\" width=\"387\" height=\"290\" srcset=\"https:\/\/agora.xtec.cat\/escolalavilapalamos\/wp-content\/uploads\/usu897\/2021\/05\/IMG_2683-300x225.jpg 300w, https:\/\/agora.xtec.cat\/escolalavilapalamos\/wp-content\/uploads\/usu897\/2021\/05\/IMG_2683-768x576.jpg 768w, https:\/\/agora.xtec.cat\/escolalavilapalamos\/wp-content\/uploads\/usu897\/2021\/05\/IMG_2683-1024x768.jpg 1024w, https:\/\/agora.xtec.cat\/escolalavilapalamos\/wp-content\/uploads\/usu897\/2021\/05\/IMG_2683-200x150.jpg 200w\" sizes=\"auto, (max-width: 387px) 100vw, 387px\" \/><\/a>Des de l\u2019\u00e0rea de d&#8217;angl\u00e8s i durant el tercer trimestre, els nens i nenes de cinqu\u00e8 hem elaborat un projecte sobre pa\u00efsos de parla anglesa. En grups de quatre o cinc alumnes, hem escollit un pa\u00eds i han buscat informaci\u00f3 al respecte, tenint en compte els seus coneixements previs i els interessos que tenia cada grup. Han triat paisos tan diversos com Austr\u00e0lia, Jamaica, G\u00e0mbia, Anglaterra, Estats Units, etc.<\/p>\n<p>A partir de la informaci\u00f3 obtinguda (capital, tipus de moneda, poblaci\u00f3, clima, hist\u00f2ria, plats t\u00edpics, m\u00fasica tradicional, s\u00edmbols nacionals, esportistes, cantants, personatges il\u00b7lustres, etc.) hem elaborat un mural que exposarem al passad\u00eds de la comunitat de grans. Realitzarem una presentaci\u00f3 davant la classe, utilitzant tamb\u00e9 un powerpoint per acompanyar al mural.<\/p>\n<p>Podeu visualitzar les fotos fent clic a la <a href=\"https:\/\/photos.app.goo.gl\/mYqsvSTQZSRfAZmg7\">imatge<\/a><\/p>\n","protected":false},"excerpt":{"rendered":"<p><a href=\"https:\/\/photos.app.goo.gl\/mYqsvSTQZSRfAZmg7\"><\/a>Des de l\u2019\u00e0rea de d&#8217;angl\u00e8s i durant el tercer trimestre, els nens i nenes de cinqu\u00e8 hem elaborat un projecte sobre pa\u00efsos de parla anglesa. En grups de quatre o cinc alumnes, hem escollit un pa\u00eds i han buscat informaci\u00f3 al respecte, tenint en&hellip;  <a href=\"https:\/\/agora.xtec.cat\/escolalavilapalamos\/general\/english-speaking-countries-a-5e\/\" title=\"Read English speaking countries a 5\u00e8\">Llegeix m\u00e9s\u00bb<\/a><\/p>\n","protected":false},"author":132,"featured_media":9469,"comment_status":"open","ping_status":"closed","sticky":false,"template":"","format":"standard","meta":{"_bbp_topic_count":0,"_bbp_reply_count":0,"_bbp_total_topic_count":0,"_bbp_total_reply_count":0,"_bbp_voice_count":0,"_bbp_anonymous_reply_count":0,"_bbp_topic_count_hidden":0,"_bbp_reply_count_hidden":0,"_bbp_forum_subforum_count":0,"footnotes":""},"categories":[128,69,1,4,5],"tags":[],"class_list":["post-9467","post","type-post","status-publish","format-standard","has-post-thumbnail","hentry","category-comunitat-de-grans","category-english","category-general","category-portada","category-primaria"],"post_mailing_queue_ids":[],"_links":{"self":[{"href":"https:\/\/agora.xtec.cat\/escolalavilapalamos\/wp-json\/wp\/v2\/posts\/9467","targetHints":{"allow":["GET"]}}],"collection":[{"href":"https:\/\/agora.xtec.cat\/escolalavilapalamos\/wp-json\/wp\/v2\/posts"}],"about":[{"href":"https:\/\/agora.xtec.cat\/escolalavilapalamos\/wp-json\/wp\/v2\/types\/post"}],"author":[{"embeddable":true,"href":"https:\/\/agora.xtec.cat\/escolalavilapalamos\/wp-json\/wp\/v2\/users\/132"}],"replies":[{"embeddable":true,"href":"https:\/\/agora.xtec.cat\/escolalavilapalamos\/wp-json\/wp\/v2\/comments?post=9467"}],"version-history":[{"count":3,"href":"https:\/\/agora.xtec.cat\/escolalavilapalamos\/wp-json\/wp\/v2\/posts\/9467\/revisions"}],"predecessor-version":[{"id":9498,"href":"https:\/\/agora.xtec.cat\/escolalavilapalamos\/wp-json\/wp\/v2\/posts\/9467\/revisions\/9498"}],"wp:featuredmedia":[{"embeddable":true,"href":"https:\/\/agora.xtec.cat\/escolalavilapalamos\/wp-json\/wp\/v2\/media\/9469"}],"wp:attachment":[{"href":"https:\/\/agora.xtec.cat\/escolalavilapalamos\/wp-json\/wp\/v2\/media?parent=9467"}],"wp:term":[{"taxonomy":"category","embeddable":true,"href":"https:\/\/agora.xtec.cat\/escolalavilapalamos\/wp-json\/wp\/v2\/categories?post=9467"},{"taxonomy":"post_tag","embeddable":true,"href":"https:\/\/agora.xtec.cat\/escolalavilapalamos\/wp-json\/wp\/v2\/tags?post=9467"}],"curies":[{"name":"wp","href":"https:\/\/api.w.org\/{rel}","templated":true}]}}