{"id":9460,"date":"2021-05-12T16:06:11","date_gmt":"2021-05-12T14:06:11","guid":{"rendered":"http:\/\/agora.xtec.cat\/escolalavilapalamos\/?p=9460"},"modified":"2021-05-17T11:49:21","modified_gmt":"2021-05-17T09:49:21","slug":"sant-joan-florit-2021","status":"publish","type":"post","link":"https:\/\/agora.xtec.cat\/escolalavilapalamos\/general\/sant-joan-florit-2021\/","title":{"rendered":"Sant Joan Florit 2021"},"content":{"rendered":"<p><strong><a href=\"https:\/\/agora.xtec.cat\/escolalavilapalamos\/wp-content\/uploads\/usu897\/2021\/05\/E1HBUB5XEAE8HPp.jpg\"><img loading=\"lazy\" decoding=\"async\" class=\"alignleft wp-image-9462\" src=\"https:\/\/agora.xtec.cat\/escolalavilapalamos\/wp-content\/uploads\/usu897\/2021\/05\/E1HBUB5XEAE8HPp-212x300.jpg\" alt=\"\" width=\"355\" height=\"502\" srcset=\"https:\/\/agora.xtec.cat\/escolalavilapalamos\/wp-content\/uploads\/usu897\/2021\/05\/E1HBUB5XEAE8HPp-212x300.jpg 212w, https:\/\/agora.xtec.cat\/escolalavilapalamos\/wp-content\/uploads\/usu897\/2021\/05\/E1HBUB5XEAE8HPp-768x1085.jpg 768w, https:\/\/agora.xtec.cat\/escolalavilapalamos\/wp-content\/uploads\/usu897\/2021\/05\/E1HBUB5XEAE8HPp-725x1024.jpg 725w\" sizes=\"auto, (max-width: 355px) 100vw, 355px\" \/><\/a>Diumenge 16 de maig<\/strong> es celebra a Sant Joan de Palam\u00f3s la diada <em>Sant Joan florit. <\/em>Carrers engalanats, espectacles i fira d&#8217;artesania. La nostra escola participa engalanant de primavera el carrer de l&#8217;Esgl\u00e9sia , a la paret de Can Sag\u00e0s. Els nens i nenes de 1r han creat tota la decoraci\u00f3 de primavera per Sant Joan Florit. Esperem que us agradi !<\/p>\n<p>De les 10.00h a les 20.00h feu una passejada pel barri de Sant Joan, llu\u00eft amb catifes i ornaments de flors dels ve\u00efns que omplen patis, carrers i racons del barri vell de Sant Joan. Hi haur\u00e0 actuacions en directe, al llarg de tot el dia: &#8220;coros&#8221;, gospel, dansa, parades d&#8217;artesania en el centre hist\u00f2ric.<\/p>\n<p>Organitza: <a href=\"https:\/\/www.santjoanpalamos.cat\/\">Associaci\u00f3 de ve\u00efns de Sant Joan<\/a><\/p>\n<p>M\u00e9s informaci\u00f3 <a href=\"https:\/\/www.santjoanpalamos.cat\/wp-content\/uploads\/programa_SJF21.jpg\">Activitats<\/a>. <a href=\"https:\/\/drive.google.com\/file\/d\/17bOXO-DRBXSk-Q-X8OveFhXWrcpEL3zF\/view?usp=sharing\">Pl\u00e0nol Sant Joan Florit<\/a><\/p>\n<p><a href=\"https:\/\/agora.xtec.cat\/escolalavilapalamos\/wp-content\/uploads\/usu897\/2021\/05\/WhatsApp-Image-2021-05-16-at-11.26.37.jpeg\"><img loading=\"lazy\" decoding=\"async\" class=\"alignleft size-medium wp-image-9506\" src=\"https:\/\/agora.xtec.cat\/escolalavilapalamos\/wp-content\/uploads\/usu897\/2021\/05\/WhatsApp-Image-2021-05-16-at-11.26.37-300x225.jpeg\" alt=\"\" width=\"300\" height=\"225\" srcset=\"https:\/\/agora.xtec.cat\/escolalavilapalamos\/wp-content\/uploads\/usu897\/2021\/05\/WhatsApp-Image-2021-05-16-at-11.26.37-300x225.jpeg 300w, https:\/\/agora.xtec.cat\/escolalavilapalamos\/wp-content\/uploads\/usu897\/2021\/05\/WhatsApp-Image-2021-05-16-at-11.26.37-768x576.jpeg 768w, https:\/\/agora.xtec.cat\/escolalavilapalamos\/wp-content\/uploads\/usu897\/2021\/05\/WhatsApp-Image-2021-05-16-at-11.26.37-1024x768.jpeg 1024w, https:\/\/agora.xtec.cat\/escolalavilapalamos\/wp-content\/uploads\/usu897\/2021\/05\/WhatsApp-Image-2021-05-16-at-11.26.37-200x150.jpeg 200w, https:\/\/agora.xtec.cat\/escolalavilapalamos\/wp-content\/uploads\/usu897\/2021\/05\/WhatsApp-Image-2021-05-16-at-11.26.37.jpeg 1600w\" sizes=\"auto, (max-width: 300px) 100vw, 300px\" \/><\/a> <a href=\"https:\/\/agora.xtec.cat\/escolalavilapalamos\/wp-content\/uploads\/usu897\/2021\/05\/WhatsApp-Image-2021-05-16-at-11.26.38-1.jpeg\"><img loading=\"lazy\" decoding=\"async\" class=\"alignleft size-medium wp-image-9507\" src=\"https:\/\/agora.xtec.cat\/escolalavilapalamos\/wp-content\/uploads\/usu897\/2021\/05\/WhatsApp-Image-2021-05-16-at-11.26.38-1-300x225.jpeg\" alt=\"\" width=\"300\" height=\"225\" srcset=\"https:\/\/agora.xtec.cat\/escolalavilapalamos\/wp-content\/uploads\/usu897\/2021\/05\/WhatsApp-Image-2021-05-16-at-11.26.38-1-300x225.jpeg 300w, https:\/\/agora.xtec.cat\/escolalavilapalamos\/wp-content\/uploads\/usu897\/2021\/05\/WhatsApp-Image-2021-05-16-at-11.26.38-1-768x576.jpeg 768w, https:\/\/agora.xtec.cat\/escolalavilapalamos\/wp-content\/uploads\/usu897\/2021\/05\/WhatsApp-Image-2021-05-16-at-11.26.38-1-1024x768.jpeg 1024w, https:\/\/agora.xtec.cat\/escolalavilapalamos\/wp-content\/uploads\/usu897\/2021\/05\/WhatsApp-Image-2021-05-16-at-11.26.38-1-200x150.jpeg 200w, https:\/\/agora.xtec.cat\/escolalavilapalamos\/wp-content\/uploads\/usu897\/2021\/05\/WhatsApp-Image-2021-05-16-at-11.26.38-1.jpeg 1600w\" sizes=\"auto, (max-width: 300px) 100vw, 300px\" \/><\/a> <a href=\"https:\/\/agora.xtec.cat\/escolalavilapalamos\/wp-content\/uploads\/usu897\/2021\/05\/WhatsApp-Image-2021-05-16-at-11.26.38-2.jpeg\"><img loading=\"lazy\" decoding=\"async\" class=\"alignleft size-medium wp-image-9508\" src=\"https:\/\/agora.xtec.cat\/escolalavilapalamos\/wp-content\/uploads\/usu897\/2021\/05\/WhatsApp-Image-2021-05-16-at-11.26.38-2-300x225.jpeg\" alt=\"\" width=\"300\" height=\"225\" srcset=\"https:\/\/agora.xtec.cat\/escolalavilapalamos\/wp-content\/uploads\/usu897\/2021\/05\/WhatsApp-Image-2021-05-16-at-11.26.38-2-300x225.jpeg 300w, https:\/\/agora.xtec.cat\/escolalavilapalamos\/wp-content\/uploads\/usu897\/2021\/05\/WhatsApp-Image-2021-05-16-at-11.26.38-2-768x576.jpeg 768w, https:\/\/agora.xtec.cat\/escolalavilapalamos\/wp-content\/uploads\/usu897\/2021\/05\/WhatsApp-Image-2021-05-16-at-11.26.38-2-1024x768.jpeg 1024w, https:\/\/agora.xtec.cat\/escolalavilapalamos\/wp-content\/uploads\/usu897\/2021\/05\/WhatsApp-Image-2021-05-16-at-11.26.38-2-200x150.jpeg 200w, https:\/\/agora.xtec.cat\/escolalavilapalamos\/wp-content\/uploads\/usu897\/2021\/05\/WhatsApp-Image-2021-05-16-at-11.26.38-2.jpeg 1600w\" sizes=\"auto, (max-width: 300px) 100vw, 300px\" \/><\/a> <a href=\"https:\/\/agora.xtec.cat\/escolalavilapalamos\/wp-content\/uploads\/usu897\/2021\/05\/WhatsApp-Image-2021-05-16-at-11.26.38.jpeg\"><img loading=\"lazy\" decoding=\"async\" class=\"alignleft size-medium wp-image-9509\" src=\"https:\/\/agora.xtec.cat\/escolalavilapalamos\/wp-content\/uploads\/usu897\/2021\/05\/WhatsApp-Image-2021-05-16-at-11.26.38-300x225.jpeg\" alt=\"\" width=\"300\" height=\"225\" srcset=\"https:\/\/agora.xtec.cat\/escolalavilapalamos\/wp-content\/uploads\/usu897\/2021\/05\/WhatsApp-Image-2021-05-16-at-11.26.38-300x225.jpeg 300w, https:\/\/agora.xtec.cat\/escolalavilapalamos\/wp-content\/uploads\/usu897\/2021\/05\/WhatsApp-Image-2021-05-16-at-11.26.38-768x576.jpeg 768w, https:\/\/agora.xtec.cat\/escolalavilapalamos\/wp-content\/uploads\/usu897\/2021\/05\/WhatsApp-Image-2021-05-16-at-11.26.38-1024x768.jpeg 1024w, https:\/\/agora.xtec.cat\/escolalavilapalamos\/wp-content\/uploads\/usu897\/2021\/05\/WhatsApp-Image-2021-05-16-at-11.26.38-200x150.jpeg 200w, https:\/\/agora.xtec.cat\/escolalavilapalamos\/wp-content\/uploads\/usu897\/2021\/05\/WhatsApp-Image-2021-05-16-at-11.26.38.jpeg 1600w\" sizes=\"auto, (max-width: 300px) 100vw, 300px\" \/><\/a><\/p>\n","protected":false},"excerpt":{"rendered":"<p><a href=\"https:\/\/agora.xtec.cat\/escolalavilapalamos\/wp-content\/uploads\/usu897\/2021\/05\/E1HBUB5XEAE8HPp.jpg\"><\/a>Diumenge 16 de maig es celebra a Sant Joan de Palam\u00f3s la diada Sant Joan florit. Carrers engalanats, espectacles i fira d&#8217;artesania. La nostra escola participa engalanant de primavera el carrer de l&#8217;Esgl\u00e9sia , a la paret de Can Sag\u00e0s. Els nens i nenes&hellip;  <a href=\"https:\/\/agora.xtec.cat\/escolalavilapalamos\/general\/sant-joan-florit-2021\/\" title=\"Read Sant Joan Florit 2021\">Llegeix m\u00e9s\u00bb<\/a><\/p>\n","protected":false},"author":1,"featured_media":9462,"comment_status":"open","ping_status":"closed","sticky":false,"template":"","format":"standard","meta":{"_bbp_topic_count":0,"_bbp_reply_count":0,"_bbp_total_topic_count":0,"_bbp_total_reply_count":0,"_bbp_voice_count":0,"_bbp_anonymous_reply_count":0,"_bbp_topic_count_hidden":0,"_bbp_reply_count_hidden":0,"_bbp_forum_subforum_count":0,"footnotes":""},"categories":[1,4],"tags":[],"class_list":["post-9460","post","type-post","status-publish","format-standard","has-post-thumbnail","hentry","category-general","category-portada"],"post_mailing_queue_ids":[],"_links":{"self":[{"href":"https:\/\/agora.xtec.cat\/escolalavilapalamos\/wp-json\/wp\/v2\/posts\/9460","targetHints":{"allow":["GET"]}}],"collection":[{"href":"https:\/\/agora.xtec.cat\/escolalavilapalamos\/wp-json\/wp\/v2\/posts"}],"about":[{"href":"https:\/\/agora.xtec.cat\/escolalavilapalamos\/wp-json\/wp\/v2\/types\/post"}],"author":[{"embeddable":true,"href":"https:\/\/agora.xtec.cat\/escolalavilapalamos\/wp-json\/wp\/v2\/users\/1"}],"replies":[{"embeddable":true,"href":"https:\/\/agora.xtec.cat\/escolalavilapalamos\/wp-json\/wp\/v2\/comments?post=9460"}],"version-history":[{"count":3,"href":"https:\/\/agora.xtec.cat\/escolalavilapalamos\/wp-json\/wp\/v2\/posts\/9460\/revisions"}],"predecessor-version":[{"id":9510,"href":"https:\/\/agora.xtec.cat\/escolalavilapalamos\/wp-json\/wp\/v2\/posts\/9460\/revisions\/9510"}],"wp:featuredmedia":[{"embeddable":true,"href":"https:\/\/agora.xtec.cat\/escolalavilapalamos\/wp-json\/wp\/v2\/media\/9462"}],"wp:attachment":[{"href":"https:\/\/agora.xtec.cat\/escolalavilapalamos\/wp-json\/wp\/v2\/media?parent=9460"}],"wp:term":[{"taxonomy":"category","embeddable":true,"href":"https:\/\/agora.xtec.cat\/escolalavilapalamos\/wp-json\/wp\/v2\/categories?post=9460"},{"taxonomy":"post_tag","embeddable":true,"href":"https:\/\/agora.xtec.cat\/escolalavilapalamos\/wp-json\/wp\/v2\/tags?post=9460"}],"curies":[{"name":"wp","href":"https:\/\/api.w.org\/{rel}","templated":true}]}}