{"id":9454,"date":"2021-05-10T16:56:11","date_gmt":"2021-05-10T14:56:11","guid":{"rendered":"http:\/\/agora.xtec.cat\/escolalavilapalamos\/?p=9454"},"modified":"2021-05-10T17:03:52","modified_gmt":"2021-05-10T15:03:52","slug":"anem-a-la-gorga-a-veure-dansa-4","status":"publish","type":"post","link":"https:\/\/agora.xtec.cat\/escolalavilapalamos\/general\/anem-a-la-gorga-a-veure-dansa-4\/","title":{"rendered":"Anem a la Gorga a veure dansa"},"content":{"rendered":"<p>Aquesta setmana la comunitat de grans anem al <strong>Teatre la Gorga<\/strong>.<\/p>\n<p><strong>Dimarts 12 de maig <\/strong>al mat\u00ed els nois i noies 4t, 5\u00e8 i 6\u00e8 anem a veure tamb\u00e9 l&#8217;obra <strong>Skraqueja&#8217;t 2.0<\/strong> de la companyia CobosMika.<\/p>\n<p>Us podeu descarregar la proposta did\u00e0ctica <a href=\"https:\/\/drive.google.com\/file\/d\/1cG4kNDjaIiAeX0RsqlPy0RHUwS3zH4iS\/view?usp=sharing\">aqu\u00ed<\/a><\/p>\n<p><iframe loading=\"lazy\" src=\"\/\/player.vimeo.com\/video\/360998669?title=0&amp;byline=0&amp;portrait=0&amp;color=8dc7dc\" width=\"425\" height=\"350\"><\/iframe><\/p>\n","protected":false},"excerpt":{"rendered":"<p>Aquesta setmana la comunitat de grans anem al Teatre la Gorga.<br \/>\nDimarts 12 de maig al mat\u00ed els nois i noies 4t, 5\u00e8 i 6\u00e8 anem a veure tamb\u00e9 l&#8217;obra Skraqueja&#8217;t 2.0 de la companyia CobosMika.<br \/>\nUs podeu descarregar la proposta did\u00e0ctica <a href=\"https:\/\/drive.google.com\/file\/d\/1cG4kNDjaIiAeX0RsqlPy0RHUwS3zH4iS\/view?usp=sharing\">aqu\u00ed<\/a><\/p>\n","protected":false},"author":1,"featured_media":9455,"comment_status":"open","ping_status":"closed","sticky":false,"template":"","format":"standard","meta":{"_bbp_topic_count":0,"_bbp_reply_count":0,"_bbp_total_topic_count":0,"_bbp_total_reply_count":0,"_bbp_voice_count":0,"_bbp_anonymous_reply_count":0,"_bbp_topic_count_hidden":0,"_bbp_reply_count_hidden":0,"_bbp_forum_subforum_count":0,"footnotes":""},"categories":[128,1,4],"tags":[],"class_list":["post-9454","post","type-post","status-publish","format-standard","has-post-thumbnail","hentry","category-comunitat-de-grans","category-general","category-portada"],"post_mailing_queue_ids":[],"_links":{"self":[{"href":"https:\/\/agora.xtec.cat\/escolalavilapalamos\/wp-json\/wp\/v2\/posts\/9454","targetHints":{"allow":["GET"]}}],"collection":[{"href":"https:\/\/agora.xtec.cat\/escolalavilapalamos\/wp-json\/wp\/v2\/posts"}],"about":[{"href":"https:\/\/agora.xtec.cat\/escolalavilapalamos\/wp-json\/wp\/v2\/types\/post"}],"author":[{"embeddable":true,"href":"https:\/\/agora.xtec.cat\/escolalavilapalamos\/wp-json\/wp\/v2\/users\/1"}],"replies":[{"embeddable":true,"href":"https:\/\/agora.xtec.cat\/escolalavilapalamos\/wp-json\/wp\/v2\/comments?post=9454"}],"version-history":[{"count":4,"href":"https:\/\/agora.xtec.cat\/escolalavilapalamos\/wp-json\/wp\/v2\/posts\/9454\/revisions"}],"predecessor-version":[{"id":9475,"href":"https:\/\/agora.xtec.cat\/escolalavilapalamos\/wp-json\/wp\/v2\/posts\/9454\/revisions\/9475"}],"wp:featuredmedia":[{"embeddable":true,"href":"https:\/\/agora.xtec.cat\/escolalavilapalamos\/wp-json\/wp\/v2\/media\/9455"}],"wp:attachment":[{"href":"https:\/\/agora.xtec.cat\/escolalavilapalamos\/wp-json\/wp\/v2\/media?parent=9454"}],"wp:term":[{"taxonomy":"category","embeddable":true,"href":"https:\/\/agora.xtec.cat\/escolalavilapalamos\/wp-json\/wp\/v2\/categories?post=9454"},{"taxonomy":"post_tag","embeddable":true,"href":"https:\/\/agora.xtec.cat\/escolalavilapalamos\/wp-json\/wp\/v2\/tags?post=9454"}],"curies":[{"name":"wp","href":"https:\/\/api.w.org\/{rel}","templated":true}]}}