{"id":9448,"date":"2021-05-07T08:43:37","date_gmt":"2021-05-07T06:43:37","guid":{"rendered":"http:\/\/agora.xtec.cat\/escolalavilapalamos\/?p=9448"},"modified":"2021-05-07T12:50:39","modified_gmt":"2021-05-07T10:50:39","slug":"publicacio-de-les-llistes-ordenades","status":"publish","type":"post","link":"https:\/\/agora.xtec.cat\/escolalavilapalamos\/general\/publicacio-de-les-llistes-ordenades\/","title":{"rendered":"Publicaci\u00f3 de les llistes ordenades"},"content":{"rendered":"<p class=\"has-text-align-justify\"><a href=\"https:\/\/agora.xtec.cat\/escolalavilapalamos\/wp-content\/uploads\/usu897\/2021\/04\/Preinscripcio-21-22.jpg\"><img loading=\"lazy\" decoding=\"async\" class=\"alignleft size-medium wp-image-9265\" src=\"https:\/\/agora.xtec.cat\/escolalavilapalamos\/wp-content\/uploads\/usu897\/2021\/04\/Preinscripcio-21-22-300x142.jpg\" alt=\"\" width=\"300\" height=\"142\" srcset=\"https:\/\/agora.xtec.cat\/escolalavilapalamos\/wp-content\/uploads\/usu897\/2021\/04\/Preinscripcio-21-22-300x142.jpg 300w, https:\/\/agora.xtec.cat\/escolalavilapalamos\/wp-content\/uploads\/usu897\/2021\/04\/Preinscripcio-21-22-768x364.jpg 768w, https:\/\/agora.xtec.cat\/escolalavilapalamos\/wp-content\/uploads\/usu897\/2021\/04\/Preinscripcio-21-22-1024x486.jpg 1024w, https:\/\/agora.xtec.cat\/escolalavilapalamos\/wp-content\/uploads\/usu897\/2021\/04\/Preinscripcio-21-22.jpg 1617w\" sizes=\"auto, (max-width: 300px) 100vw, 300px\" \/><\/a><\/p>\n<p class=\"has-text-align-justify\">Us enllacem la llista ordenada de preinscripci\u00f3 del curs 2021-22 segons el barem i despr\u00e9s del sorteig p\u00fablic. El dimecres 5 de maig es va fer el sorteig de desempat i va sortir el n\u00famero 69.448. <a href=\"https:\/\/drive.google.com\/file\/d\/1rvq2dfRnX-isVMuU3JTqY9KlyCzVKqXx\/view?usp=sharing\"><span class=\"has-inline-color has-vivid-cyan-blue-color\"><strong>Acc\u00e9s al llistat<\/strong><\/span>.<\/a><\/p>\n<p>Propers passos a tenir present per la preinscripci\u00f3: Publicaci\u00f3 de les llistes d&#8217;assignaci\u00f3 i llistes d&#8217;espera el 7 de juny.<\/p>\n","protected":false},"excerpt":{"rendered":"<p><a href=\"https:\/\/agora.xtec.cat\/escolalavilapalamos\/wp-content\/uploads\/usu897\/2021\/04\/Preinscripcio-21-22.jpg\"><\/a><br \/>\nUs enllacem la llista ordenada de preinscripci\u00f3 del curs 2021-22 segons el barem i despr\u00e9s del sorteig p\u00fablic. El dimecres 5 de maig es va fer el sorteig de desempat i va sortir el n\u00famero 69.448. <a href=\"https:\/\/drive.google.com\/file\/d\/1rvq2dfRnX-isVMuU3JTqY9KlyCzVKqXx\/view?usp=sharing\">Acc\u00e9s al llistat.<\/a><br \/>\nPropers passos a tenir present&hellip;  <a href=\"https:\/\/agora.xtec.cat\/escolalavilapalamos\/general\/publicacio-de-les-llistes-ordenades\/\" title=\"Read Publicaci\u00f3 de les llistes ordenades\">Llegeix m\u00e9s\u00bb<\/a><\/p>\n","protected":false},"author":1,"featured_media":9265,"comment_status":"open","ping_status":"closed","sticky":false,"template":"","format":"standard","meta":{"_bbp_topic_count":0,"_bbp_reply_count":0,"_bbp_total_topic_count":0,"_bbp_total_reply_count":0,"_bbp_voice_count":0,"_bbp_anonymous_reply_count":0,"_bbp_topic_count_hidden":0,"_bbp_reply_count_hidden":0,"_bbp_forum_subforum_count":0,"footnotes":""},"categories":[1,4],"tags":[],"class_list":["post-9448","post","type-post","status-publish","format-standard","has-post-thumbnail","hentry","category-general","category-portada"],"post_mailing_queue_ids":[],"_links":{"self":[{"href":"https:\/\/agora.xtec.cat\/escolalavilapalamos\/wp-json\/wp\/v2\/posts\/9448","targetHints":{"allow":["GET"]}}],"collection":[{"href":"https:\/\/agora.xtec.cat\/escolalavilapalamos\/wp-json\/wp\/v2\/posts"}],"about":[{"href":"https:\/\/agora.xtec.cat\/escolalavilapalamos\/wp-json\/wp\/v2\/types\/post"}],"author":[{"embeddable":true,"href":"https:\/\/agora.xtec.cat\/escolalavilapalamos\/wp-json\/wp\/v2\/users\/1"}],"replies":[{"embeddable":true,"href":"https:\/\/agora.xtec.cat\/escolalavilapalamos\/wp-json\/wp\/v2\/comments?post=9448"}],"version-history":[{"count":3,"href":"https:\/\/agora.xtec.cat\/escolalavilapalamos\/wp-json\/wp\/v2\/posts\/9448\/revisions"}],"predecessor-version":[{"id":9451,"href":"https:\/\/agora.xtec.cat\/escolalavilapalamos\/wp-json\/wp\/v2\/posts\/9448\/revisions\/9451"}],"wp:featuredmedia":[{"embeddable":true,"href":"https:\/\/agora.xtec.cat\/escolalavilapalamos\/wp-json\/wp\/v2\/media\/9265"}],"wp:attachment":[{"href":"https:\/\/agora.xtec.cat\/escolalavilapalamos\/wp-json\/wp\/v2\/media?parent=9448"}],"wp:term":[{"taxonomy":"category","embeddable":true,"href":"https:\/\/agora.xtec.cat\/escolalavilapalamos\/wp-json\/wp\/v2\/categories?post=9448"},{"taxonomy":"post_tag","embeddable":true,"href":"https:\/\/agora.xtec.cat\/escolalavilapalamos\/wp-json\/wp\/v2\/tags?post=9448"}],"curies":[{"name":"wp","href":"https:\/\/api.w.org\/{rel}","templated":true}]}}