{"id":9444,"date":"2021-05-07T12:36:23","date_gmt":"2021-05-07T10:36:23","guid":{"rendered":"http:\/\/agora.xtec.cat\/escolalavilapalamos\/?p=9444"},"modified":"2021-05-12T10:00:14","modified_gmt":"2021-05-12T08:00:14","slug":"excursio-de-4t-5e-i-6e-al-clar-del-bosc-de-banyoles","status":"publish","type":"post","link":"https:\/\/agora.xtec.cat\/escolalavilapalamos\/general\/excursio-de-4t-5e-i-6e-al-clar-del-bosc-de-banyoles\/","title":{"rendered":"Excursi\u00f3 de 4t, 5\u00e8 i 6\u00e8 al Clar del Bosc de Banyoles"},"content":{"rendered":"<p><a href=\"https:\/\/agora.xtec.cat\/escolalavilapalamos\/wp-content\/uploads\/usu897\/2021\/05\/ElClarDelBosc20.jpg\"><img loading=\"lazy\" decoding=\"async\" class=\" wp-image-9445 alignright\" src=\"https:\/\/agora.xtec.cat\/escolalavilapalamos\/wp-content\/uploads\/usu897\/2021\/05\/ElClarDelBosc20-300x225.jpg\" alt=\"\" width=\"335\" height=\"251\" srcset=\"https:\/\/agora.xtec.cat\/escolalavilapalamos\/wp-content\/uploads\/usu897\/2021\/05\/ElClarDelBosc20-300x225.jpg 300w, https:\/\/agora.xtec.cat\/escolalavilapalamos\/wp-content\/uploads\/usu897\/2021\/05\/ElClarDelBosc20-768x576.jpg 768w, https:\/\/agora.xtec.cat\/escolalavilapalamos\/wp-content\/uploads\/usu897\/2021\/05\/ElClarDelBosc20-200x150.jpg 200w, https:\/\/agora.xtec.cat\/escolalavilapalamos\/wp-content\/uploads\/usu897\/2021\/05\/ElClarDelBosc20.jpg 900w\" sizes=\"auto, (max-width: 335px) 100vw, 335px\" \/><\/a>El dimecres 26 de maig els nens i nenes <strong>de la comunitat de grans<\/strong> anirem d\u2019excursi\u00f3 al \u201cClar del Bosc\u201d a Banyoles.<\/p>\n<p><strong>SORTIDA:<\/strong> a les 8:30h de l\u2019estadi municipal de futbol.<\/p>\n<p><strong>ARRIBADA:<\/strong> a les 18:30h\u00a0 aprox. al mateix lloc.<\/p>\n<p><strong>CAL PORTAR<\/strong>:<\/p>\n<ul>\n<li>xandall de l\u2019escola o roba esportiva i cal\u00e7at c\u00f2mode<\/li>\n<li>*mascareta posada i una de recanvi en una bosseta, dins la motxilla<\/li>\n<li>gorra<\/li>\n<li>crema solar (posada a casa)<\/li>\n<li>dins una motxilla: Esmorzar, dinar , berenar i aigua(en un env\u00e0s que no sigui de vidre)<\/li>\n<\/ul>\n<p><strong>Totes les activitats es portaran a terme seguint el protocol establert pel PROCICAT referent a sortides i excursions.<\/strong><\/p>\n<p>Us podeu <a href=\"https:\/\/drive.google.com\/file\/d\/1ywCLdN5oNPAd36hd7sPu13I3SjQgk4TM\/view?usp=sharing\">descarregar la circular aqu\u00ed<\/a> *<strong><em> Retornar l\u2019autoritzaci\u00f3 a la tutora, abans del divendres 14 de maig.<\/em><\/strong><\/p>\n<p>Els nens\/es que es maregin a l&#8217;autob\u00fas i necessitin prendre biodramina recordeu que heu d&#8217;ajuntar<a href=\"https:\/\/drive.google.com\/file\/d\/0B0P6-dzfPaO5S3JGZHllRTAzZFU\/view\"> la circular d&#8217;autoritzaci\u00f3 de medicaments<\/a> de l&#8217;escola.<\/p>\n","protected":false},"excerpt":{"rendered":"<p><a href=\"https:\/\/agora.xtec.cat\/escolalavilapalamos\/wp-content\/uploads\/usu897\/2021\/05\/ElClarDelBosc20.jpg\"><\/a>El dimecres 26 de maig els nens i nenes de la comunitat de grans anirem d\u2019excursi\u00f3 al \u201cClar del Bosc\u201d a Banyoles.<br \/>\nSORTIDA: a les 8:30h de l\u2019estadi municipal de futbol.<br \/>\nARRIBADA: a les 18:30h\u00a0 aprox. al mateix lloc.<br \/>\nCAL PORTAR:<\/p>\n<ul>\n<li>xandall de l\u2019escola o roba esportiva i&hellip;  <a href=\"https:\/\/agora.xtec.cat\/escolalavilapalamos\/general\/excursio-de-4t-5e-i-6e-al-clar-del-bosc-de-banyoles\/\" title=\"Read Excursi\u00f3 de 4t, 5\u00e8 i 6\u00e8 al Clar del Bosc de Banyoles\">Llegeix m\u00e9s\u00bb<\/a><br \/>\n","protected":false},"author":1,"featured_media":9445,"comment_status":"open","ping_status":"closed","sticky":false,"template":"","format":"standard","meta":{"_bbp_topic_count":0,"_bbp_reply_count":0,"_bbp_total_topic_count":0,"_bbp_total_reply_count":0,"_bbp_voice_count":0,"_bbp_anonymous_reply_count":0,"_bbp_topic_count_hidden":0,"_bbp_reply_count_hidden":0,"_bbp_forum_subforum_count":0,"footnotes":""},"categories":[128,1,4],"tags":[],"class_list":["post-9444","post","type-post","status-publish","format-standard","has-post-thumbnail","hentry","category-comunitat-de-grans","category-general","category-portada"],"post_mailing_queue_ids":[],"_links":{"self":[{"href":"https:\/\/agora.xtec.cat\/escolalavilapalamos\/wp-json\/wp\/v2\/posts\/9444","targetHints":{"allow":["GET"]}}],"collection":[{"href":"https:\/\/agora.xtec.cat\/escolalavilapalamos\/wp-json\/wp\/v2\/posts"}],"about":[{"href":"https:\/\/agora.xtec.cat\/escolalavilapalamos\/wp-json\/wp\/v2\/types\/post"}],"author":[{"embeddable":true,"href":"https:\/\/agora.xtec.cat\/escolalavilapalamos\/wp-json\/wp\/v2\/users\/1"}],"replies":[{"embeddable":true,"href":"https:\/\/agora.xtec.cat\/escolalavilapalamos\/wp-json\/wp\/v2\/comments?post=9444"}],"version-history":[{"count":3,"href":"https:\/\/agora.xtec.cat\/escolalavilapalamos\/wp-json\/wp\/v2\/posts\/9444\/revisions"}],"predecessor-version":[{"id":9459,"href":"https:\/\/agora.xtec.cat\/escolalavilapalamos\/wp-json\/wp\/v2\/posts\/9444\/revisions\/9459"}],"wp:featuredmedia":[{"embeddable":true,"href":"https:\/\/agora.xtec.cat\/escolalavilapalamos\/wp-json\/wp\/v2\/media\/9445"}],"wp:attachment":[{"href":"https:\/\/agora.xtec.cat\/escolalavilapalamos\/wp-json\/wp\/v2\/media?parent=9444"}],"wp:term":[{"taxonomy":"category","embeddable":true,"href":"https:\/\/agora.xtec.cat\/escolalavilapalamos\/wp-json\/wp\/v2\/categories?post=9444"},{"taxonomy":"post_tag","embeddable":true,"href":"https:\/\/agora.xtec.cat\/escolalavilapalamos\/wp-json\/wp\/v2\/tags?post=9444"}],"curies":[{"name":"wp","href":"https:\/\/api.w.org\/{rel}","templated":true}]}}