{"id":9426,"date":"2021-04-23T13:04:20","date_gmt":"2021-04-23T11:04:20","guid":{"rendered":"http:\/\/agora.xtec.cat\/escolalavilapalamos\/?p=9426"},"modified":"2021-05-05T14:55:10","modified_gmt":"2021-05-05T12:55:10","slug":"frases-fetes-per-sant-jordi","status":"publish","type":"post","link":"https:\/\/agora.xtec.cat\/escolalavilapalamos\/general\/frases-fetes-per-sant-jordi\/","title":{"rendered":"Frases fetes per Sant Jordi"},"content":{"rendered":"<p>Per Sant Jordi hem treballat <strong>les frases fetes en catal\u00e0<\/strong>. Cada classe ha estat treballant unes frases fetes i les ha exposat en un mural a trav\u00e9s de fotos, dibuixos, etc.<\/p>\n<p>Qu\u00e8 s\u00f3n les frases fetes ? Una\u00a0<b>frase feta<\/b>\u00a0\u00e9s una expressi\u00f3 d&#8217;\u00fas corrent, en tots els nivells socials i culturals d&#8217;una llengua, que t\u00e9 un significat i una forma estereotipada, fixa i invariable, el significat de la qual no pot ser dedu\u00eft del significat dels seus components, i que gaireb\u00e9 mai no es pot traduir literalment d&#8217;una llengua a una altra. \u00c9s utilitzada en\u00a0sentit figurat. Tamb\u00e9 es podria dir que s\u00f3n frases\u00a0o part d&#8217;alguna frase, que volen dir quelcom de concret, la qual en molts dels casos es podria dir d&#8217;una manera m\u00e9s simple, per\u00f2 que gr\u00e0cies a aquestes frases fetes i expressions d&#8217;\u00fas com\u00fa donen a la idea original que es vol expressar, un toc especial, sigui ir\u00f2nic, subtil, graci\u00f3s, insultant o d&#8217;exageraci\u00f3.<sup id=\"cite_ref-2\" class=\"reference\"><\/sup><\/p>\n<p>Ens ha quedat una exposici\u00f3 ben divertida en el pavell\u00f3 de l&#8217;escola. Podeu veure totes les frases fetes que hem treballat en <a href=\"https:\/\/photos.app.goo.gl\/5Vtd1XCN6CNafS3e8\">aquest enlla\u00e7<\/a>.<\/p>\n<p><iframe loading=\"lazy\" src=\"\/\/www.youtube.com\/embed\/buaNgB_1VJ8\" width=\"560\" height=\"314\"><\/iframe><\/p>\n","protected":false},"excerpt":{"rendered":"<p>Per Sant Jordi hem treballat les frases fetes en catal\u00e0. Cada classe ha estat treballant unes frases fetes i les ha exposat en un mural a trav\u00e9s de fotos, dibuixos, etc.<br \/>\nQu\u00e8 s\u00f3n les frases fetes ? Una\u00a0frase feta\u00a0\u00e9s una expressi\u00f3 d&#8217;\u00fas corrent, en tots els&hellip;  <a href=\"https:\/\/agora.xtec.cat\/escolalavilapalamos\/general\/frases-fetes-per-sant-jordi\/\" title=\"Read Frases fetes per Sant Jordi\">Llegeix m\u00e9s\u00bb<\/a><\/p>\n","protected":false},"author":1,"featured_media":9427,"comment_status":"open","ping_status":"closed","sticky":false,"template":"","format":"standard","meta":{"_bbp_topic_count":0,"_bbp_reply_count":0,"_bbp_total_topic_count":0,"_bbp_total_reply_count":0,"_bbp_voice_count":0,"_bbp_anonymous_reply_count":0,"_bbp_topic_count_hidden":0,"_bbp_reply_count_hidden":0,"_bbp_forum_subforum_count":0,"footnotes":""},"categories":[128,127,2,1,4],"tags":[],"class_list":["post-9426","post","type-post","status-publish","format-standard","has-post-thumbnail","hentry","category-comunitat-de-grans","category-comunitat-de-mitjans","category-infantil","category-general","category-portada"],"post_mailing_queue_ids":[],"_links":{"self":[{"href":"https:\/\/agora.xtec.cat\/escolalavilapalamos\/wp-json\/wp\/v2\/posts\/9426","targetHints":{"allow":["GET"]}}],"collection":[{"href":"https:\/\/agora.xtec.cat\/escolalavilapalamos\/wp-json\/wp\/v2\/posts"}],"about":[{"href":"https:\/\/agora.xtec.cat\/escolalavilapalamos\/wp-json\/wp\/v2\/types\/post"}],"author":[{"embeddable":true,"href":"https:\/\/agora.xtec.cat\/escolalavilapalamos\/wp-json\/wp\/v2\/users\/1"}],"replies":[{"embeddable":true,"href":"https:\/\/agora.xtec.cat\/escolalavilapalamos\/wp-json\/wp\/v2\/comments?post=9426"}],"version-history":[{"count":3,"href":"https:\/\/agora.xtec.cat\/escolalavilapalamos\/wp-json\/wp\/v2\/posts\/9426\/revisions"}],"predecessor-version":[{"id":9430,"href":"https:\/\/agora.xtec.cat\/escolalavilapalamos\/wp-json\/wp\/v2\/posts\/9426\/revisions\/9430"}],"wp:featuredmedia":[{"embeddable":true,"href":"https:\/\/agora.xtec.cat\/escolalavilapalamos\/wp-json\/wp\/v2\/media\/9427"}],"wp:attachment":[{"href":"https:\/\/agora.xtec.cat\/escolalavilapalamos\/wp-json\/wp\/v2\/media?parent=9426"}],"wp:term":[{"taxonomy":"category","embeddable":true,"href":"https:\/\/agora.xtec.cat\/escolalavilapalamos\/wp-json\/wp\/v2\/categories?post=9426"},{"taxonomy":"post_tag","embeddable":true,"href":"https:\/\/agora.xtec.cat\/escolalavilapalamos\/wp-json\/wp\/v2\/tags?post=9426"}],"curies":[{"name":"wp","href":"https:\/\/api.w.org\/{rel}","templated":true}]}}