{"id":9410,"date":"2021-05-04T15:09:15","date_gmt":"2021-05-04T13:09:15","guid":{"rendered":"http:\/\/agora.xtec.cat\/escolalavilapalamos\/?p=9410"},"modified":"2021-05-04T15:20:03","modified_gmt":"2021-05-04T13:20:03","slug":"3a-fira-del-conte-a-palamos","status":"publish","type":"post","link":"https:\/\/agora.xtec.cat\/escolalavilapalamos\/general\/3a-fira-del-conte-a-palamos\/","title":{"rendered":"3\u00aa Fira del conte a Palam\u00f3s"},"content":{"rendered":"<p><a href=\"https:\/\/agora.xtec.cat\/escolalavilapalamos\/wp-content\/uploads\/usu897\/2021\/05\/E0I_4P8XsAAwfwP.jpg\"><img loading=\"lazy\" decoding=\"async\" class=\"alignleft wp-image-9411\" src=\"https:\/\/agora.xtec.cat\/escolalavilapalamos\/wp-content\/uploads\/usu897\/2021\/05\/E0I_4P8XsAAwfwP-199x300.jpg\" alt=\"\" width=\"268\" height=\"404\" srcset=\"https:\/\/agora.xtec.cat\/escolalavilapalamos\/wp-content\/uploads\/usu897\/2021\/05\/E0I_4P8XsAAwfwP-199x300.jpg 199w, https:\/\/agora.xtec.cat\/escolalavilapalamos\/wp-content\/uploads\/usu897\/2021\/05\/E0I_4P8XsAAwfwP-768x1155.jpg 768w, https:\/\/agora.xtec.cat\/escolalavilapalamos\/wp-content\/uploads\/usu897\/2021\/05\/E0I_4P8XsAAwfwP-681x1024.jpg 681w, https:\/\/agora.xtec.cat\/escolalavilapalamos\/wp-content\/uploads\/usu897\/2021\/05\/E0I_4P8XsAAwfwP.jpg 797w\" sizes=\"auto, (max-width: 268px) 100vw, 268px\" \/><\/a><\/p>\n<p>El dissabte 8 de maig t\u00e9 lloc la <strong>3a Fira del conte a Palam\u00f3s,<\/strong> de les 11 del mat\u00ed a les 9 del vespre.<\/p>\n<p>Contacontes, m\u00fasica, tallers, bibliomaleta, xerrades per les fam\u00edlies i moltes coses m\u00e9s.<\/p>\n<p>Places limitades per a les activitats: cal fer inscripci\u00f3 pr\u00e8via a <a href=\"mailto:inscripcionsfiradelconte@gmail.com\">inscripcionsfiradelconte@gmail.com <\/a><\/p>\n<p>Us podeu descarregar el programa <a href=\"https:\/\/drive.google.com\/file\/d\/1ecILsjVbu__vbPZKx-M8W2zbnPYy-2dH\/view?usp=sharing\">aqu\u00ed<\/a><\/p>\n","protected":false},"excerpt":{"rendered":"<p><a href=\"https:\/\/agora.xtec.cat\/escolalavilapalamos\/wp-content\/uploads\/usu897\/2021\/05\/E0I_4P8XsAAwfwP.jpg\"><\/a><br \/>\nEl dissabte 8 de maig t\u00e9 lloc la 3a Fira del conte a Palam\u00f3s, de les 11 del mat\u00ed a les 9 del vespre.<br \/>\nContacontes, m\u00fasica, tallers, bibliomaleta, xerrades per les fam\u00edlies i moltes coses m\u00e9s.<br \/>\nPlaces limitades per a les activitats: cal fer inscripci\u00f3 pr\u00e8via&hellip;  <a href=\"https:\/\/agora.xtec.cat\/escolalavilapalamos\/general\/3a-fira-del-conte-a-palamos\/\" title=\"Read 3\u00aa Fira del conte a Palam\u00f3s\">Llegeix m\u00e9s\u00bb<\/a><\/p>\n","protected":false},"author":1,"featured_media":9411,"comment_status":"open","ping_status":"closed","sticky":false,"template":"","format":"standard","meta":{"_bbp_topic_count":0,"_bbp_reply_count":0,"_bbp_total_topic_count":0,"_bbp_total_reply_count":0,"_bbp_voice_count":0,"_bbp_anonymous_reply_count":0,"_bbp_topic_count_hidden":0,"_bbp_reply_count_hidden":0,"_bbp_forum_subforum_count":0,"footnotes":""},"categories":[1,4],"tags":[],"class_list":["post-9410","post","type-post","status-publish","format-standard","has-post-thumbnail","hentry","category-general","category-portada"],"post_mailing_queue_ids":[],"_links":{"self":[{"href":"https:\/\/agora.xtec.cat\/escolalavilapalamos\/wp-json\/wp\/v2\/posts\/9410","targetHints":{"allow":["GET"]}}],"collection":[{"href":"https:\/\/agora.xtec.cat\/escolalavilapalamos\/wp-json\/wp\/v2\/posts"}],"about":[{"href":"https:\/\/agora.xtec.cat\/escolalavilapalamos\/wp-json\/wp\/v2\/types\/post"}],"author":[{"embeddable":true,"href":"https:\/\/agora.xtec.cat\/escolalavilapalamos\/wp-json\/wp\/v2\/users\/1"}],"replies":[{"embeddable":true,"href":"https:\/\/agora.xtec.cat\/escolalavilapalamos\/wp-json\/wp\/v2\/comments?post=9410"}],"version-history":[{"count":2,"href":"https:\/\/agora.xtec.cat\/escolalavilapalamos\/wp-json\/wp\/v2\/posts\/9410\/revisions"}],"predecessor-version":[{"id":9413,"href":"https:\/\/agora.xtec.cat\/escolalavilapalamos\/wp-json\/wp\/v2\/posts\/9410\/revisions\/9413"}],"wp:featuredmedia":[{"embeddable":true,"href":"https:\/\/agora.xtec.cat\/escolalavilapalamos\/wp-json\/wp\/v2\/media\/9411"}],"wp:attachment":[{"href":"https:\/\/agora.xtec.cat\/escolalavilapalamos\/wp-json\/wp\/v2\/media?parent=9410"}],"wp:term":[{"taxonomy":"category","embeddable":true,"href":"https:\/\/agora.xtec.cat\/escolalavilapalamos\/wp-json\/wp\/v2\/categories?post=9410"},{"taxonomy":"post_tag","embeddable":true,"href":"https:\/\/agora.xtec.cat\/escolalavilapalamos\/wp-json\/wp\/v2\/tags?post=9410"}],"curies":[{"name":"wp","href":"https:\/\/api.w.org\/{rel}","templated":true}]}}