{"id":9405,"date":"2021-05-04T15:23:30","date_gmt":"2021-05-04T13:23:30","guid":{"rendered":"http:\/\/agora.xtec.cat\/escolalavilapalamos\/?p=9405"},"modified":"2021-05-05T12:45:30","modified_gmt":"2021-05-05T10:45:30","slug":"gaudim-al-pati-despres-dun-dia-de-pluja","status":"publish","type":"post","link":"https:\/\/agora.xtec.cat\/escolalavilapalamos\/general\/gaudim-al-pati-despres-dun-dia-de-pluja\/","title":{"rendered":"Gaudim al pati despr\u00e9s d&#8217;un dia de pluja!"},"content":{"rendered":"<p style=\"text-align: justify;\"><img loading=\"lazy\" decoding=\"async\" class=\"size-full wp-image-9406 alignright\" src=\"https:\/\/agora.xtec.cat\/escolalavilapalamos\/wp-content\/uploads\/usu897\/2021\/05\/bassal.jpg\" alt=\"\" width=\"354\" height=\"285\" srcset=\"https:\/\/agora.xtec.cat\/escolalavilapalamos\/wp-content\/uploads\/usu897\/2021\/05\/bassal.jpg 354w, https:\/\/agora.xtec.cat\/escolalavilapalamos\/wp-content\/uploads\/usu897\/2021\/05\/bassal-300x242.jpg 300w\" sizes=\"auto, (max-width: 354px) 100vw, 354px\" \/>Els nens i nenes de P4 ens hem cal\u00e7at les botes d&#8217;aigua i hem anat a jugar, a esquitxar, trepitjar&#8230; els bassals d&#8217;aigua del pati de Prim\u00e0ria, que s&#8217;han format despr\u00e9s d&#8217;aquests dies de pluja!<\/p>\n<p style=\"text-align: justify;\">Tamb\u00e9 hem fet transvasaments, nous rierols, hem regat les plantes, etc.<\/p>\n<p style=\"text-align: justify;\">Tot i que algun que altre ha marxat una mica enfangat, ens ho hem passat d&#8217;all\u00f2 m\u00e9s b\u00e9!<\/p>\n<p><iframe loading=\"lazy\" src=\"\/\/www.youtube.com\/embed\/ZS_E-fi6ewc\" width=\"560\" height=\"314\"><\/iframe><\/p>\n<p style=\"text-align: justify;\">\n","protected":false},"excerpt":{"rendered":"<p>Els nens i nenes de P4 ens hem cal\u00e7at les botes d&#8217;aigua i hem anat a jugar, a esquitxar, trepitjar&#8230; els bassals d&#8217;aigua del pati de Prim\u00e0ria, que s&#8217;han format despr\u00e9s d&#8217;aquests dies de pluja!<br \/>\nTamb\u00e9 hem fet transvasaments, nous rierols, hem regat les plantes, etc.<br \/>\nTot&hellip;  <a href=\"https:\/\/agora.xtec.cat\/escolalavilapalamos\/general\/gaudim-al-pati-despres-dun-dia-de-pluja\/\" title=\"Read Gaudim al pati despr\u00e9s d&#8217;un dia de pluja!\">Llegeix m\u00e9s\u00bb<\/a><\/p>\n","protected":false},"author":128,"featured_media":9406,"comment_status":"open","ping_status":"closed","sticky":false,"template":"","format":"standard","meta":{"_bbp_topic_count":0,"_bbp_reply_count":0,"_bbp_total_topic_count":0,"_bbp_total_reply_count":0,"_bbp_voice_count":0,"_bbp_anonymous_reply_count":0,"_bbp_topic_count_hidden":0,"_bbp_reply_count_hidden":0,"_bbp_forum_subforum_count":0,"footnotes":""},"categories":[2,1,4],"tags":[],"class_list":["post-9405","post","type-post","status-publish","format-standard","has-post-thumbnail","hentry","category-infantil","category-general","category-portada"],"post_mailing_queue_ids":[],"_links":{"self":[{"href":"https:\/\/agora.xtec.cat\/escolalavilapalamos\/wp-json\/wp\/v2\/posts\/9405","targetHints":{"allow":["GET"]}}],"collection":[{"href":"https:\/\/agora.xtec.cat\/escolalavilapalamos\/wp-json\/wp\/v2\/posts"}],"about":[{"href":"https:\/\/agora.xtec.cat\/escolalavilapalamos\/wp-json\/wp\/v2\/types\/post"}],"author":[{"embeddable":true,"href":"https:\/\/agora.xtec.cat\/escolalavilapalamos\/wp-json\/wp\/v2\/users\/128"}],"replies":[{"embeddable":true,"href":"https:\/\/agora.xtec.cat\/escolalavilapalamos\/wp-json\/wp\/v2\/comments?post=9405"}],"version-history":[{"count":3,"href":"https:\/\/agora.xtec.cat\/escolalavilapalamos\/wp-json\/wp\/v2\/posts\/9405\/revisions"}],"predecessor-version":[{"id":9415,"href":"https:\/\/agora.xtec.cat\/escolalavilapalamos\/wp-json\/wp\/v2\/posts\/9405\/revisions\/9415"}],"wp:featuredmedia":[{"embeddable":true,"href":"https:\/\/agora.xtec.cat\/escolalavilapalamos\/wp-json\/wp\/v2\/media\/9406"}],"wp:attachment":[{"href":"https:\/\/agora.xtec.cat\/escolalavilapalamos\/wp-json\/wp\/v2\/media?parent=9405"}],"wp:term":[{"taxonomy":"category","embeddable":true,"href":"https:\/\/agora.xtec.cat\/escolalavilapalamos\/wp-json\/wp\/v2\/categories?post=9405"},{"taxonomy":"post_tag","embeddable":true,"href":"https:\/\/agora.xtec.cat\/escolalavilapalamos\/wp-json\/wp\/v2\/tags?post=9405"}],"curies":[{"name":"wp","href":"https:\/\/api.w.org\/{rel}","templated":true}]}}