{"id":9395,"date":"2021-04-30T12:42:12","date_gmt":"2021-04-30T10:42:12","guid":{"rendered":"http:\/\/agora.xtec.cat\/escolalavilapalamos\/?p=9395"},"modified":"2021-05-04T15:31:18","modified_gmt":"2021-05-04T13:31:18","slug":"casals-destiu-municipals-2021","status":"publish","type":"post","link":"https:\/\/agora.xtec.cat\/escolalavilapalamos\/general\/casals-destiu-municipals-2021\/","title":{"rendered":"Casals d&#8217;estiu municipals 2021"},"content":{"rendered":"<p><a href=\"https:\/\/agora.xtec.cat\/escolalavilapalamos\/wp-content\/uploads\/usu897\/2021\/04\/casals2021.jpg\"><img loading=\"lazy\" decoding=\"async\" class=\"alignleft wp-image-9398\" src=\"https:\/\/agora.xtec.cat\/escolalavilapalamos\/wp-content\/uploads\/usu897\/2021\/04\/casals2021-223x300.jpg\" alt=\"\" width=\"292\" height=\"392\" srcset=\"https:\/\/agora.xtec.cat\/escolalavilapalamos\/wp-content\/uploads\/usu897\/2021\/04\/casals2021-223x300.jpg 223w, https:\/\/agora.xtec.cat\/escolalavilapalamos\/wp-content\/uploads\/usu897\/2021\/04\/casals2021-768x1032.jpg 768w, https:\/\/agora.xtec.cat\/escolalavilapalamos\/wp-content\/uploads\/usu897\/2021\/04\/casals2021-762x1024.jpg 762w, https:\/\/agora.xtec.cat\/escolalavilapalamos\/wp-content\/uploads\/usu897\/2021\/04\/casals2021.jpg 1165w\" sizes=\"auto, (max-width: 292px) 100vw, 292px\" \/><\/a>El proper estiu Palam\u00f3s gaudir\u00e0 de dos casals, <strong>el <em>Casal d&#8217;estiu<\/em><\/strong> i <strong>el <em>Casal esportiu<\/em><\/strong>. Ambd\u00f3s es portaran a terme de l&#8217;1 de juliol al 31 d&#8217;agost. Horari de 9 a 13 h.<\/p>\n<p>El <em>casal d&#8217;estiu<\/em> est\u00e0 adre\u00e7at a nens i nenes nascuts del 2009 al 2017 i <em>el casal esportiu<\/em> a nens i nenes nascuts del 2009 al 2014. Hi ha servei de menjador (13 a 15h), acollida matinal (8 a 9 h) i acollida de tarda (de 15 a 17h)<\/p>\n<p>Pre-inscripcions del 10 al 14 de maig pel formulari online <a href=\"http:\/\/www.palamos.cat\/casals\">www.palamos.cat\/casals<\/a>. El 24 de maig es confirmar\u00e0 l&#8217;assignaci\u00f3 de places per email.<\/p>\n<p>Us podeu descarregar la informaci\u00f3 <a href=\"https:\/\/drive.google.com\/file\/d\/14gSXnjudS1iObE0v3fFJWem4x7Rx6gdg\/view?usp=sharing\">aqu\u00ed<\/a><\/p>\n<p>M\u00e9s informaci\u00f3 al Punt Jove Palam\u00f3s. Departament de Joventut C\/ D\u00eddac Garrell, 10 &#8211; 1r 17230 Palam\u00f3s. Tel\u00e8fon 972313739 <a href=\"mailto:espai.jove@palamos.cat\">espai.jove@palamos.cat<\/a>\u00a0 <a href=\"mailto:joventut@palamos.cat\">joventut@palamos.cat<\/a><\/p>\n","protected":false},"excerpt":{"rendered":"<p><a href=\"https:\/\/agora.xtec.cat\/escolalavilapalamos\/wp-content\/uploads\/usu897\/2021\/04\/casals2021.jpg\"><\/a>El proper estiu Palam\u00f3s gaudir\u00e0 de dos casals, el Casal d&#8217;estiu i el Casal esportiu. Ambd\u00f3s es portaran a terme de l&#8217;1 de juliol al 31 d&#8217;agost. Horari de 9 a 13 h.<br \/>\nEl casal d&#8217;estiu est\u00e0 adre\u00e7at a nens i nenes nascuts del 2009&hellip;  <a href=\"https:\/\/agora.xtec.cat\/escolalavilapalamos\/general\/casals-destiu-municipals-2021\/\" title=\"Read Casals d&#8217;estiu municipals 2021\">Llegeix m\u00e9s\u00bb<\/a><\/p>\n","protected":false},"author":1,"featured_media":9398,"comment_status":"open","ping_status":"closed","sticky":false,"template":"","format":"standard","meta":{"_bbp_topic_count":0,"_bbp_reply_count":0,"_bbp_total_topic_count":0,"_bbp_total_reply_count":0,"_bbp_voice_count":0,"_bbp_anonymous_reply_count":0,"_bbp_topic_count_hidden":0,"_bbp_reply_count_hidden":0,"_bbp_forum_subforum_count":0,"footnotes":""},"categories":[1,4],"tags":[],"class_list":["post-9395","post","type-post","status-publish","format-standard","has-post-thumbnail","hentry","category-general","category-portada"],"post_mailing_queue_ids":[],"_links":{"self":[{"href":"https:\/\/agora.xtec.cat\/escolalavilapalamos\/wp-json\/wp\/v2\/posts\/9395","targetHints":{"allow":["GET"]}}],"collection":[{"href":"https:\/\/agora.xtec.cat\/escolalavilapalamos\/wp-json\/wp\/v2\/posts"}],"about":[{"href":"https:\/\/agora.xtec.cat\/escolalavilapalamos\/wp-json\/wp\/v2\/types\/post"}],"author":[{"embeddable":true,"href":"https:\/\/agora.xtec.cat\/escolalavilapalamos\/wp-json\/wp\/v2\/users\/1"}],"replies":[{"embeddable":true,"href":"https:\/\/agora.xtec.cat\/escolalavilapalamos\/wp-json\/wp\/v2\/comments?post=9395"}],"version-history":[{"count":3,"href":"https:\/\/agora.xtec.cat\/escolalavilapalamos\/wp-json\/wp\/v2\/posts\/9395\/revisions"}],"predecessor-version":[{"id":9401,"href":"https:\/\/agora.xtec.cat\/escolalavilapalamos\/wp-json\/wp\/v2\/posts\/9395\/revisions\/9401"}],"wp:featuredmedia":[{"embeddable":true,"href":"https:\/\/agora.xtec.cat\/escolalavilapalamos\/wp-json\/wp\/v2\/media\/9398"}],"wp:attachment":[{"href":"https:\/\/agora.xtec.cat\/escolalavilapalamos\/wp-json\/wp\/v2\/media?parent=9395"}],"wp:term":[{"taxonomy":"category","embeddable":true,"href":"https:\/\/agora.xtec.cat\/escolalavilapalamos\/wp-json\/wp\/v2\/categories?post=9395"},{"taxonomy":"post_tag","embeddable":true,"href":"https:\/\/agora.xtec.cat\/escolalavilapalamos\/wp-json\/wp\/v2\/tags?post=9395"}],"curies":[{"name":"wp","href":"https:\/\/api.w.org\/{rel}","templated":true}]}}