{"id":9379,"date":"2021-04-29T16:49:44","date_gmt":"2021-04-29T14:49:44","guid":{"rendered":"http:\/\/agora.xtec.cat\/escolalavilapalamos\/?p=9379"},"modified":"2021-04-30T12:49:16","modified_gmt":"2021-04-30T10:49:16","slug":"juguem-amb-les-matematiques-a-p3","status":"publish","type":"post","link":"https:\/\/agora.xtec.cat\/escolalavilapalamos\/general\/juguem-amb-les-matematiques-a-p3\/","title":{"rendered":"Juguem amb les matem\u00e0tiques a P3"},"content":{"rendered":"<p><a href=\"https:\/\/agora.xtec.cat\/escolalavilapalamos\/wp-content\/uploads\/usu897\/2021\/04\/P1020094.jpg\"><img loading=\"lazy\" decoding=\"async\" class=\"alignleft wp-image-9389\" src=\"https:\/\/agora.xtec.cat\/escolalavilapalamos\/wp-content\/uploads\/usu897\/2021\/04\/P1020094-300x225.jpg\" alt=\"\" width=\"371\" height=\"278\" srcset=\"https:\/\/agora.xtec.cat\/escolalavilapalamos\/wp-content\/uploads\/usu897\/2021\/04\/P1020094-300x225.jpg 300w, https:\/\/agora.xtec.cat\/escolalavilapalamos\/wp-content\/uploads\/usu897\/2021\/04\/P1020094-768x576.jpg 768w, https:\/\/agora.xtec.cat\/escolalavilapalamos\/wp-content\/uploads\/usu897\/2021\/04\/P1020094-1024x768.jpg 1024w, https:\/\/agora.xtec.cat\/escolalavilapalamos\/wp-content\/uploads\/usu897\/2021\/04\/P1020094-200x150.jpg 200w, https:\/\/agora.xtec.cat\/escolalavilapalamos\/wp-content\/uploads\/usu897\/2021\/04\/P1020094.jpg 1175w\" sizes=\"auto, (max-width: 371px) 100vw, 371px\" \/><\/a>Durant aquest curs estem<strong> jugant i descobrint un m\u00f3n nou relacionat amb les matem\u00e0tiques<\/strong> a trav\u00e9s del nostre entorn i amb moltes activitats i propostes de jocs a l\u2019aula.<\/p>\n<p>A l\u2019entorn hem apr\u00e8s conceptes com sobre-sota, alt-baix\u2026 (ens enfilem als bancs, als troncs, ens amaguem sota les robes) dins-fora (dins i\/o fora de la barca, de la caseta, de les capses), llarg-curt (amb cordes, pals), gran-petit (arbres, pedres, plantes). Hem gaudit molt experimentant-t\u2019ho amb el propi cos i aprenent al mateix moment d\u2019una manera l\u00fadica i divertida.<\/p>\n<p>A l\u2019aula hem seguit amb el mateix descobriment de les matem\u00e0tiques amb activitats diverses de classificaci\u00f3, seriaci\u00f3, relaci\u00f3, ordenaci\u00f3, comparaci\u00f3 i formes. Per fer-ho hem utilitzat diferents materials com els blocs l\u00f2gics, el domino, material de la taula de llum, el memori, les gabetes d\u2019experimentaci\u00f3, el mar de peixos\u2026<\/p>\n<p>Esperem que su agradin molt les fotos i que els nens i nenes us expliquin el que han descobert.<\/p>\n<p><a href=\"https:\/\/photos.app.goo.gl\/u9HDqVjdgW49QZUC6\">Mireu les fotos aqu\u00ed<\/a><\/p>\n","protected":false},"excerpt":{"rendered":"<p><a href=\"https:\/\/agora.xtec.cat\/escolalavilapalamos\/wp-content\/uploads\/usu897\/2021\/04\/P1020094.jpg\"><\/a>Durant aquest curs estem jugant i descobrint un m\u00f3n nou relacionat amb les matem\u00e0tiques a trav\u00e9s del nostre entorn i amb moltes activitats i propostes de jocs a l\u2019aula.<br \/>\nA l\u2019entorn hem apr\u00e8s conceptes com sobre-sota, alt-baix\u2026 (ens enfilem als bancs, als troncs, ens amaguem&hellip;  <a href=\"https:\/\/agora.xtec.cat\/escolalavilapalamos\/general\/juguem-amb-les-matematiques-a-p3\/\" title=\"Read Juguem amb les matem\u00e0tiques a P3\">Llegeix m\u00e9s\u00bb<\/a><\/p>\n","protected":false},"author":128,"featured_media":9389,"comment_status":"open","ping_status":"closed","sticky":false,"template":"","format":"standard","meta":{"_bbp_topic_count":0,"_bbp_reply_count":0,"_bbp_total_topic_count":0,"_bbp_total_reply_count":0,"_bbp_voice_count":0,"_bbp_anonymous_reply_count":0,"_bbp_topic_count_hidden":0,"_bbp_reply_count_hidden":0,"_bbp_forum_subforum_count":0,"footnotes":""},"categories":[2,1,4],"tags":[],"class_list":["post-9379","post","type-post","status-publish","format-standard","has-post-thumbnail","hentry","category-infantil","category-general","category-portada"],"post_mailing_queue_ids":[],"_links":{"self":[{"href":"https:\/\/agora.xtec.cat\/escolalavilapalamos\/wp-json\/wp\/v2\/posts\/9379","targetHints":{"allow":["GET"]}}],"collection":[{"href":"https:\/\/agora.xtec.cat\/escolalavilapalamos\/wp-json\/wp\/v2\/posts"}],"about":[{"href":"https:\/\/agora.xtec.cat\/escolalavilapalamos\/wp-json\/wp\/v2\/types\/post"}],"author":[{"embeddable":true,"href":"https:\/\/agora.xtec.cat\/escolalavilapalamos\/wp-json\/wp\/v2\/users\/128"}],"replies":[{"embeddable":true,"href":"https:\/\/agora.xtec.cat\/escolalavilapalamos\/wp-json\/wp\/v2\/comments?post=9379"}],"version-history":[{"count":3,"href":"https:\/\/agora.xtec.cat\/escolalavilapalamos\/wp-json\/wp\/v2\/posts\/9379\/revisions"}],"predecessor-version":[{"id":9390,"href":"https:\/\/agora.xtec.cat\/escolalavilapalamos\/wp-json\/wp\/v2\/posts\/9379\/revisions\/9390"}],"wp:featuredmedia":[{"embeddable":true,"href":"https:\/\/agora.xtec.cat\/escolalavilapalamos\/wp-json\/wp\/v2\/media\/9389"}],"wp:attachment":[{"href":"https:\/\/agora.xtec.cat\/escolalavilapalamos\/wp-json\/wp\/v2\/media?parent=9379"}],"wp:term":[{"taxonomy":"category","embeddable":true,"href":"https:\/\/agora.xtec.cat\/escolalavilapalamos\/wp-json\/wp\/v2\/categories?post=9379"},{"taxonomy":"post_tag","embeddable":true,"href":"https:\/\/agora.xtec.cat\/escolalavilapalamos\/wp-json\/wp\/v2\/tags?post=9379"}],"curies":[{"name":"wp","href":"https:\/\/api.w.org\/{rel}","templated":true}]}}