{"id":9373,"date":"2021-04-30T12:42:50","date_gmt":"2021-04-30T10:42:50","guid":{"rendered":"http:\/\/agora.xtec.cat\/escolalavilapalamos\/?p=9373"},"modified":"2021-05-05T12:45:49","modified_gmt":"2021-05-05T10:45:49","slug":"a-1r-investiguem-i-experimentem","status":"publish","type":"post","link":"https:\/\/agora.xtec.cat\/escolalavilapalamos\/general\/a-1r-investiguem-i-experimentem\/","title":{"rendered":"A 1r investiguem i experimentem"},"content":{"rendered":"<p><img loading=\"lazy\" decoding=\"async\" class=\"alignright\" src=\"https:\/\/agora.xtec.cat\/escolalavilapalamos\/wp-content\/uploads\/usu897\/2021\/04\/7.jpg\" width=\"366\" height=\"275\" \/><\/p>\n<p><strong>Els nens i nenes de 1r tenim moltes preguntes sobre l&#8217;entorn que ens envolta.<\/strong> \u00c9s per aix\u00f2, que durant el segon trimestre vam voler descobrir qu\u00e8 \u00e9s l\u2019ombra. Com \u00e9s que apareix?<\/p>\n<p>Com ens costava explicar qu\u00e8 \u00e9s, vam sortir al pati de bon mat\u00ed a experimentar amb les ombres! V\u00e0rem trobar les ombres de les cistelles de b\u00e0squet i d\u2019altres objectes. Vam dibuixar les nostres ombres. V\u00e0rem jugar a trepitjar-les; a veure com canviaven quan ens mov\u00edem&#8230;<\/p>\n<p>Vam veure que era una part inseparable del nostre cos i dels objectes. Podien ser rodones, allargades, gruixudes, primes\u2026 Tamb\u00e9 les vam fer desapar\u00e8ixer!! Ens v\u00e0rem col\u00b7locar a una zona on no tocava el Sol i tots vam estar d\u2019acord: <em>\u201csi no hi ha Sol, no hi ha ombra!\u201d<\/em> Aix\u00f2 ens va obrir el cam\u00ed per seguir parlant en els seg\u00fcents dies de la Terra, de la Lluna i del Sol.<\/p>\n<p>Aquesta activitat forma part del <strong>recorregut cient\u00edfic sobre astronomia. Fem hip\u00f2tesis, ho comprovem, experimentem, intentem respondre-ho, en treiem conclusions, establim paral\u00b7lelismes amb altres fets&#8230; tot dins el m\u00e8tode cint\u00edfic de l&#8217;aprenentatge. <\/strong><\/p>\n<p>Aquest tercer trimestre <strong>estem treballant els \u00e9ssers vius<\/strong>, per aix\u00f2 a cada classe tenim cucs de seda, cargols i fins i tot hem vist una granota!!!<\/p>\n<p>Vam haver d\u2019esbrinar qu\u00e8 havien de menjar tot fent preguntes. Per poder contestar-les v\u00e0rem buscar informaci\u00f3 i v\u00e0rem descobrir que si donem\u00a0 fulles de moreres als cucs, els ajudaran a cr\u00e9ixer, i si donem diferents productes de l\u2019hort, com l&#8217;enciam, podem alimentar els cargols.<\/p>\n<p>Hem descobert que les plantes tamb\u00e9 s\u00f3n \u00e9ssers vius i volem comprovar qu\u00e8 necessiten per viure. Per aix\u00f2 estem realitzant un experiment, hem repartit tres testos a cada classe on s\u2019han plantat unes llavors. Un test l\u2019hem col\u00b7locat en un lloc on li toca el sol i reguem la planta cada dia, un altre l\u2019hem deixat sense regar, per\u00f2 li toca el sol i el tercer no rep cap raig de sol per\u00f2 el reguem. Qu\u00e8 passar\u00e0???<\/p>\n<p>Per veure les imatges de l&#8217;activitat <a href=\"https:\/\/photos.app.goo.gl\/odshWWKfevyBEoFAA\">cliqueu aqu\u00ed<\/a>.<\/p>\n","protected":false},"excerpt":{"rendered":"<p>Els nens i nenes de 1r tenim moltes preguntes sobre l&#8217;entorn que ens envolta. \u00c9s per aix\u00f2, que durant el segon trimestre vam voler descobrir qu\u00e8 \u00e9s l\u2019ombra. Com \u00e9s que apareix?<br \/>\nCom ens costava explicar qu\u00e8 \u00e9s, vam sortir al pati de bon mat\u00ed a&hellip;  <a href=\"https:\/\/agora.xtec.cat\/escolalavilapalamos\/general\/a-1r-investiguem-i-experimentem\/\" title=\"Read A 1r investiguem i experimentem\">Llegeix m\u00e9s\u00bb<\/a><\/p>\n","protected":false},"author":131,"featured_media":9374,"comment_status":"open","ping_status":"closed","sticky":false,"template":"","format":"standard","meta":{"_bbp_topic_count":0,"_bbp_reply_count":0,"_bbp_total_topic_count":0,"_bbp_total_reply_count":0,"_bbp_voice_count":0,"_bbp_anonymous_reply_count":0,"_bbp_topic_count_hidden":0,"_bbp_reply_count_hidden":0,"_bbp_forum_subforum_count":0,"footnotes":""},"categories":[127,1,4],"tags":[],"class_list":["post-9373","post","type-post","status-publish","format-standard","has-post-thumbnail","hentry","category-comunitat-de-mitjans","category-general","category-portada"],"post_mailing_queue_ids":[],"_links":{"self":[{"href":"https:\/\/agora.xtec.cat\/escolalavilapalamos\/wp-json\/wp\/v2\/posts\/9373","targetHints":{"allow":["GET"]}}],"collection":[{"href":"https:\/\/agora.xtec.cat\/escolalavilapalamos\/wp-json\/wp\/v2\/posts"}],"about":[{"href":"https:\/\/agora.xtec.cat\/escolalavilapalamos\/wp-json\/wp\/v2\/types\/post"}],"author":[{"embeddable":true,"href":"https:\/\/agora.xtec.cat\/escolalavilapalamos\/wp-json\/wp\/v2\/users\/131"}],"replies":[{"embeddable":true,"href":"https:\/\/agora.xtec.cat\/escolalavilapalamos\/wp-json\/wp\/v2\/comments?post=9373"}],"version-history":[{"count":4,"href":"https:\/\/agora.xtec.cat\/escolalavilapalamos\/wp-json\/wp\/v2\/posts\/9373\/revisions"}],"predecessor-version":[{"id":9385,"href":"https:\/\/agora.xtec.cat\/escolalavilapalamos\/wp-json\/wp\/v2\/posts\/9373\/revisions\/9385"}],"wp:featuredmedia":[{"embeddable":true,"href":"https:\/\/agora.xtec.cat\/escolalavilapalamos\/wp-json\/wp\/v2\/media\/9374"}],"wp:attachment":[{"href":"https:\/\/agora.xtec.cat\/escolalavilapalamos\/wp-json\/wp\/v2\/media?parent=9373"}],"wp:term":[{"taxonomy":"category","embeddable":true,"href":"https:\/\/agora.xtec.cat\/escolalavilapalamos\/wp-json\/wp\/v2\/categories?post=9373"},{"taxonomy":"post_tag","embeddable":true,"href":"https:\/\/agora.xtec.cat\/escolalavilapalamos\/wp-json\/wp\/v2\/tags?post=9373"}],"curies":[{"name":"wp","href":"https:\/\/api.w.org\/{rel}","templated":true}]}}