{"id":9360,"date":"2021-04-27T14:57:55","date_gmt":"2021-04-27T12:57:55","guid":{"rendered":"http:\/\/agora.xtec.cat\/escolalavilapalamos\/?p=9360"},"modified":"2021-04-30T12:01:16","modified_gmt":"2021-04-30T10:01:16","slug":"a-infantil-fem-psicomotricitat","status":"publish","type":"post","link":"https:\/\/agora.xtec.cat\/escolalavilapalamos\/general\/a-infantil-fem-psicomotricitat\/","title":{"rendered":"A Infantil fem psicomotricitat!"},"content":{"rendered":"<p style=\"text-align: center;\"><a href=\"https:\/\/agora.xtec.cat\/escolalavilapalamos\/wp-content\/uploads\/usu897\/2021\/04\/PSICO.jpg\"><img loading=\"lazy\" decoding=\"async\" class=\"alignnone wp-image-9362\" src=\"https:\/\/agora.xtec.cat\/escolalavilapalamos\/wp-content\/uploads\/usu897\/2021\/04\/PSICO.jpg\" alt=\"\" width=\"415\" height=\"232\" srcset=\"https:\/\/agora.xtec.cat\/escolalavilapalamos\/wp-content\/uploads\/usu897\/2021\/04\/PSICO.jpg 399w, https:\/\/agora.xtec.cat\/escolalavilapalamos\/wp-content\/uploads\/usu897\/2021\/04\/PSICO-300x168.jpg 300w\" sizes=\"auto, (max-width: 415px) 100vw, 415px\" \/><\/a><\/p>\n<p style=\"text-align: left;\">Durant aquest \u00faltim trimestre l&#8217;alumnat de P3, P4 i P5 estan gaudint de sessions de Psicomotricitat. A trav\u00e9s d&#8217;ella, dia a dia els nens i nenes a trav\u00e9s del joc desenvolupen la coordinaci\u00f3 i l&#8217;equilibri, habilitats motrius i tamb\u00e9 h\u00e0bits saludables que afavoreix el desenvolupament integral de l&#8217;infant.<\/p>\n<p><a href=\"https:\/\/agora.xtec.cat\/escolalavilapalamos\/wp-content\/uploads\/usu897\/2021\/04\/IMG_20210426_112030.jpg\"><img loading=\"lazy\" decoding=\"async\" class=\"alignnone wp-image-9367\" src=\"https:\/\/agora.xtec.cat\/escolalavilapalamos\/wp-content\/uploads\/usu897\/2021\/04\/IMG_20210426_112030-1024x768.jpg\" alt=\"\" width=\"270\" height=\"202\" srcset=\"https:\/\/agora.xtec.cat\/escolalavilapalamos\/wp-content\/uploads\/usu897\/2021\/04\/IMG_20210426_112030-1024x768.jpg 1024w, https:\/\/agora.xtec.cat\/escolalavilapalamos\/wp-content\/uploads\/usu897\/2021\/04\/IMG_20210426_112030-300x225.jpg 300w, https:\/\/agora.xtec.cat\/escolalavilapalamos\/wp-content\/uploads\/usu897\/2021\/04\/IMG_20210426_112030-768x576.jpg 768w, https:\/\/agora.xtec.cat\/escolalavilapalamos\/wp-content\/uploads\/usu897\/2021\/04\/IMG_20210426_112030-200x150.jpg 200w\" sizes=\"auto, (max-width: 270px) 100vw, 270px\" \/> \u00a0 <\/a><a href=\"https:\/\/agora.xtec.cat\/escolalavilapalamos\/wp-content\/uploads\/usu897\/2021\/04\/IMG_20210426_094107.jpg\"><img loading=\"lazy\" decoding=\"async\" class=\"wp-image-9366 alignnone\" src=\"https:\/\/agora.xtec.cat\/escolalavilapalamos\/wp-content\/uploads\/usu897\/2021\/04\/IMG_20210426_094107-1024x768.jpg\" alt=\"\" width=\"271\" height=\"203\" srcset=\"https:\/\/agora.xtec.cat\/escolalavilapalamos\/wp-content\/uploads\/usu897\/2021\/04\/IMG_20210426_094107-1024x768.jpg 1024w, https:\/\/agora.xtec.cat\/escolalavilapalamos\/wp-content\/uploads\/usu897\/2021\/04\/IMG_20210426_094107-300x225.jpg 300w, https:\/\/agora.xtec.cat\/escolalavilapalamos\/wp-content\/uploads\/usu897\/2021\/04\/IMG_20210426_094107-768x576.jpg 768w, https:\/\/agora.xtec.cat\/escolalavilapalamos\/wp-content\/uploads\/usu897\/2021\/04\/IMG_20210426_094107-200x150.jpg 200w\" sizes=\"auto, (max-width: 271px) 100vw, 271px\" \/> <\/a><a href=\"https:\/\/agora.xtec.cat\/escolalavilapalamos\/wp-content\/uploads\/usu897\/2021\/04\/IMG_20210422_114613.jpg\"><img loading=\"lazy\" decoding=\"async\" class=\"alignnone wp-image-9365\" src=\"https:\/\/agora.xtec.cat\/escolalavilapalamos\/wp-content\/uploads\/usu897\/2021\/04\/IMG_20210422_114613-1024x768.jpg\" alt=\"\" width=\"272\" height=\"204\" srcset=\"https:\/\/agora.xtec.cat\/escolalavilapalamos\/wp-content\/uploads\/usu897\/2021\/04\/IMG_20210422_114613-1024x768.jpg 1024w, https:\/\/agora.xtec.cat\/escolalavilapalamos\/wp-content\/uploads\/usu897\/2021\/04\/IMG_20210422_114613-300x225.jpg 300w, https:\/\/agora.xtec.cat\/escolalavilapalamos\/wp-content\/uploads\/usu897\/2021\/04\/IMG_20210422_114613-768x576.jpg 768w, https:\/\/agora.xtec.cat\/escolalavilapalamos\/wp-content\/uploads\/usu897\/2021\/04\/IMG_20210422_114613-200x150.jpg 200w\" sizes=\"auto, (max-width: 272px) 100vw, 272px\" \/><\/a><\/p>\n","protected":false},"excerpt":{"rendered":"<p><a href=\"https:\/\/agora.xtec.cat\/escolalavilapalamos\/wp-content\/uploads\/usu897\/2021\/04\/PSICO.jpg\"><\/a><br \/>\nDurant aquest \u00faltim trimestre l&#8217;alumnat de P3, P4 i P5 estan gaudint de sessions de Psicomotricitat. A trav\u00e9s d&#8217;ella, dia a dia els nens i nenes a trav\u00e9s del joc desenvolupen la coordinaci\u00f3 i l&#8217;equilibri, habilitats motrius i tamb\u00e9 h\u00e0bits saludables que afavoreix el&hellip;  <a href=\"https:\/\/agora.xtec.cat\/escolalavilapalamos\/general\/a-infantil-fem-psicomotricitat\/\" title=\"Read A Infantil fem psicomotricitat!\">Llegeix m\u00e9s\u00bb<\/a><\/p>\n","protected":false},"author":167,"featured_media":9362,"comment_status":"open","ping_status":"closed","sticky":false,"template":"","format":"standard","meta":{"_bbp_topic_count":0,"_bbp_reply_count":0,"_bbp_total_topic_count":0,"_bbp_total_reply_count":0,"_bbp_voice_count":0,"_bbp_anonymous_reply_count":0,"_bbp_topic_count_hidden":0,"_bbp_reply_count_hidden":0,"_bbp_forum_subforum_count":0,"footnotes":""},"categories":[2,70,1,4],"tags":[],"class_list":["post-9360","post","type-post","status-publish","format-standard","has-post-thumbnail","hentry","category-infantil","category-efi","category-general","category-portada"],"post_mailing_queue_ids":[],"_links":{"self":[{"href":"https:\/\/agora.xtec.cat\/escolalavilapalamos\/wp-json\/wp\/v2\/posts\/9360","targetHints":{"allow":["GET"]}}],"collection":[{"href":"https:\/\/agora.xtec.cat\/escolalavilapalamos\/wp-json\/wp\/v2\/posts"}],"about":[{"href":"https:\/\/agora.xtec.cat\/escolalavilapalamos\/wp-json\/wp\/v2\/types\/post"}],"author":[{"embeddable":true,"href":"https:\/\/agora.xtec.cat\/escolalavilapalamos\/wp-json\/wp\/v2\/users\/167"}],"replies":[{"embeddable":true,"href":"https:\/\/agora.xtec.cat\/escolalavilapalamos\/wp-json\/wp\/v2\/comments?post=9360"}],"version-history":[{"count":3,"href":"https:\/\/agora.xtec.cat\/escolalavilapalamos\/wp-json\/wp\/v2\/posts\/9360\/revisions"}],"predecessor-version":[{"id":9369,"href":"https:\/\/agora.xtec.cat\/escolalavilapalamos\/wp-json\/wp\/v2\/posts\/9360\/revisions\/9369"}],"wp:featuredmedia":[{"embeddable":true,"href":"https:\/\/agora.xtec.cat\/escolalavilapalamos\/wp-json\/wp\/v2\/media\/9362"}],"wp:attachment":[{"href":"https:\/\/agora.xtec.cat\/escolalavilapalamos\/wp-json\/wp\/v2\/media?parent=9360"}],"wp:term":[{"taxonomy":"category","embeddable":true,"href":"https:\/\/agora.xtec.cat\/escolalavilapalamos\/wp-json\/wp\/v2\/categories?post=9360"},{"taxonomy":"post_tag","embeddable":true,"href":"https:\/\/agora.xtec.cat\/escolalavilapalamos\/wp-json\/wp\/v2\/tags?post=9360"}],"curies":[{"name":"wp","href":"https:\/\/api.w.org\/{rel}","templated":true}]}}