{"id":9342,"date":"2021-04-27T10:46:11","date_gmt":"2021-04-27T08:46:11","guid":{"rendered":"http:\/\/agora.xtec.cat\/escolalavilapalamos\/?p=9342"},"modified":"2021-04-27T14:58:43","modified_gmt":"2021-04-27T12:58:43","slug":"beques-de-menjador-pel-curs-2021-22","status":"publish","type":"post","link":"https:\/\/agora.xtec.cat\/escolalavilapalamos\/general\/beques-de-menjador-pel-curs-2021-22\/","title":{"rendered":"Beques de menjador pel curs 2021-22"},"content":{"rendered":"<header class=\"entry-header\"><\/header>\n<div class=\"entry-content\">\n<p>S\u2019obre el per\u00edode per <strong>sol\u00b7licitar ajut econ\u00f2mic individual pel menjador escolar del curs 2021-22. <\/strong><a href=\"https:\/\/view.genial.ly\/603f70b0a46b760d7b96f02d\/horizontal-infographic-diagrams-infografia-ajuts-economics-individuals-de-menjador-curs-21-22\">Clica aqu\u00ed per informar-te <img loading=\"lazy\" decoding=\"async\" class=\"alignright\" src=\"http:\/\/dreamicus.com\/data\/apple\/apple-06.jpg\" width=\"223\" height=\"254\" \/><\/a><\/p>\n<p>Trobareu les sol\u00b7licituds, les bases i informaci\u00f3 de la convocat\u00f2ria <a href=\"https:\/\/www.baixemporda.cat\/ca\/carta-de-serveis\/ensenyament\/ajuts-economics\/ajuts-menjador\/\">aqu\u00ed<\/a>. L&#8217;ajut atorgat ser\u00e0 del 70 o del 100 % del preu del men\u00fa en funci\u00f3 de la puntuaci\u00f3 obtinguda. L&#8217;import de l&#8217;ajut no ser\u00e0 mai superior al preu m\u00e0xim de la prestaci\u00f3 del servei escolar de menjador que determina, per a cada curs escolar, el Departament d&#8217;Educaci\u00f3 de la Generalitat.<\/p>\n<p>Si necessiteu assessorament, podeu demanar cita pr\u00e8via, telef\u00f2nica o presencial, a l&#8217;enlla\u00e7 seg\u00fcent <a title=\"CITA PR\u00c8VIA AJUTS\" href=\"https:\/\/baixemporda.eadministracio.cat\/citaprevia.1\">https:\/\/baixemporda.eadministracio.cat\/citaprevia.1\u00a0<\/a>o enviar un correu electr\u00f2nic a <a href=\"mailto:ajutsmenjador@baixemporda.cat\">ajutsmenjador@baixemporda.cat<\/a><strong><a href=\"mailto:ajutsmenjador@baixemporda.cat\">.<\/a><\/strong> <span lang=\"CA\">Tel\u00e8fon i persones de contacte: 972 64 55 59 \u2013 Cristina Pag\u00e8s i Ana Linares. <em>Els dilluns no hi ha atenci\u00f3 al p\u00fablic. <\/em><\/span><\/p>\n<p><strong>Aquest curs les sol\u00b7licituds de beques de menjador s&#8217;han de tramitar telem\u00e0ticament, o a trav\u00e9s del Consell Comarcal del Baix Empord\u00e0, o a les oficines de correus i als serveis socials municipals.<\/strong> La tramitaci\u00f3 no es fa a les escoles. <span lang=\"CA\"><a href=\"https:\/\/drive.google.com\/file\/d\/1ysVdByLtx04E_JPi36KA3UrgwOV471tN\/view?usp=sharing\">Guia per tramitar la sol\u00b7licitud de l\u2019ajut de menjador telem\u00e0ticament<\/a><em><br \/>\n<\/em><\/span><\/p>\n<p>Per sol\u00b7licitar l\u2019ajut econ\u00f2mic cal que repasseu la renda anual de la unitat familiar de l\u2019any 2020.<\/p>\n<p><strong>El per\u00edode per presentar la sol\u00b7licitud \u00e9s del dimecres 28 d&#8217;abril al dimecres 19 de maig de 2021 (ambd\u00f3s inclosos). <\/strong><em>Per a l\u2019alumnat que hagi de comen\u00e7ar P3 i de nova matr\u00edcula podran demanar la beca en per\u00edode de matriculaci\u00f3 a finals de juny<br \/>\n<\/em><\/p>\n<p><a href=\"https:\/\/docs.gestionaweb.cat\/2134\/bases-per-a-l-atorgament-d-ajuts-economics-individuals-de-menjador-escolar-curs-2021-2022-1512121.pdf\" target=\"_blank\" rel=\"noopener noreferrer\">Bases reguladores per a l&#8217;atorgament d&#8217;ajuts econ\u00f2mics individuals de menjador escolar. Curs 2021-2022<\/a><\/p>\n<p>Les sol\u00b7licitants que acreditin situacions de risc social, hauran de tramitar la seva sol\u00b7licitud a trav\u00e9s dels serveis socials de Palam\u00f3s. Acci\u00f3 Social i Ciutadania C\/ Mn. Cinto Verdaguer 12 Palam\u00f3s. Horari d\u2019atenci\u00f3 al p\u00fablic: de dilluns a divendres de 10 a 14 h <a href=\"mailto:serveissocials@palamos.cat\">serveissocials@palamos.cat<\/a><\/p>\n<p>&nbsp;<\/p>\n<\/div>\n","protected":false},"excerpt":{"rendered":"<p>S\u2019obre el per\u00edode per sol\u00b7licitar ajut econ\u00f2mic individual pel menjador escolar del curs 2021-22. <a href=\"https:\/\/view.genial.ly\/603f70b0a46b760d7b96f02d\/horizontal-infographic-diagrams-infografia-ajuts-economics-individuals-de-menjador-curs-21-22\">Clica aqu\u00ed per informar-te <\/a><br \/>\nTrobareu les sol\u00b7licituds, les bases i informaci\u00f3 de la convocat\u00f2ria <a href=\"https:\/\/www.baixemporda.cat\/ca\/carta-de-serveis\/ensenyament\/ajuts-economics\/ajuts-menjador\/\">aqu\u00ed<\/a>. L&#8217;ajut atorgat ser\u00e0 del 70 o del 100 % del preu del men\u00fa en&hellip;  <a href=\"https:\/\/agora.xtec.cat\/escolalavilapalamos\/general\/beques-de-menjador-pel-curs-2021-22\/\" title=\"Read Beques de menjador pel curs 2021-22\">Llegeix m\u00e9s\u00bb<\/a><\/p>\n","protected":false},"author":1,"featured_media":1413,"comment_status":"open","ping_status":"closed","sticky":false,"template":"","format":"standard","meta":{"_bbp_topic_count":0,"_bbp_reply_count":0,"_bbp_total_topic_count":0,"_bbp_total_reply_count":0,"_bbp_voice_count":0,"_bbp_anonymous_reply_count":0,"_bbp_topic_count_hidden":0,"_bbp_reply_count_hidden":0,"_bbp_forum_subforum_count":0,"footnotes":""},"categories":[1,4],"tags":[],"class_list":["post-9342","post","type-post","status-publish","format-standard","has-post-thumbnail","hentry","category-general","category-portada"],"post_mailing_queue_ids":[],"_links":{"self":[{"href":"https:\/\/agora.xtec.cat\/escolalavilapalamos\/wp-json\/wp\/v2\/posts\/9342","targetHints":{"allow":["GET"]}}],"collection":[{"href":"https:\/\/agora.xtec.cat\/escolalavilapalamos\/wp-json\/wp\/v2\/posts"}],"about":[{"href":"https:\/\/agora.xtec.cat\/escolalavilapalamos\/wp-json\/wp\/v2\/types\/post"}],"author":[{"embeddable":true,"href":"https:\/\/agora.xtec.cat\/escolalavilapalamos\/wp-json\/wp\/v2\/users\/1"}],"replies":[{"embeddable":true,"href":"https:\/\/agora.xtec.cat\/escolalavilapalamos\/wp-json\/wp\/v2\/comments?post=9342"}],"version-history":[{"count":3,"href":"https:\/\/agora.xtec.cat\/escolalavilapalamos\/wp-json\/wp\/v2\/posts\/9342\/revisions"}],"predecessor-version":[{"id":9348,"href":"https:\/\/agora.xtec.cat\/escolalavilapalamos\/wp-json\/wp\/v2\/posts\/9342\/revisions\/9348"}],"wp:featuredmedia":[{"embeddable":true,"href":"https:\/\/agora.xtec.cat\/escolalavilapalamos\/wp-json\/wp\/v2\/media\/1413"}],"wp:attachment":[{"href":"https:\/\/agora.xtec.cat\/escolalavilapalamos\/wp-json\/wp\/v2\/media?parent=9342"}],"wp:term":[{"taxonomy":"category","embeddable":true,"href":"https:\/\/agora.xtec.cat\/escolalavilapalamos\/wp-json\/wp\/v2\/categories?post=9342"},{"taxonomy":"post_tag","embeddable":true,"href":"https:\/\/agora.xtec.cat\/escolalavilapalamos\/wp-json\/wp\/v2\/tags?post=9342"}],"curies":[{"name":"wp","href":"https:\/\/api.w.org\/{rel}","templated":true}]}}