{"id":9334,"date":"2021-04-26T19:28:38","date_gmt":"2021-04-26T17:28:38","guid":{"rendered":"http:\/\/agora.xtec.cat\/escolalavilapalamos\/?p=9334"},"modified":"2021-04-26T19:36:21","modified_gmt":"2021-04-26T17:36:21","slug":"una-granota-a-la-classe-de-1r","status":"publish","type":"post","link":"https:\/\/agora.xtec.cat\/escolalavilapalamos\/general\/una-granota-a-la-classe-de-1r\/","title":{"rendered":"Una granota a la classe de 1r"},"content":{"rendered":"<p><span class=\"d2edcug0 hpfvmrgz qv66sw1b c1et5uql lr9zc1uh a8c37x1j keod5gw0 nxhoafnm aigsh9s9 d3f4x2em fe6kdd0r mau55g9w c8b282yb iv3no6db jq4qci2q a3bd9o3v knj5qynh oo9gr5id hzawbc8m\" dir=\"auto\"><a class=\"oajrlxb2 g5ia77u1 qu0x051f esr5mh6w e9989ue4 r7d6kgcz rq0escxv nhd2j8a9 nc684nl6 p7hjln8o kvgmc6g5 cxmmr5t8 oygrvhab hcukyx3x jb3vyjys rz4wbd8a qt6c0cv9 a8nywdso i1ao9s8h esuyzwwr f1sip0of lzcic4wl q66pz984 gpro0wi8 b1v8xokw\" tabindex=\"0\" role=\"link\" href=\"https:\/\/www.facebook.com\/hashtag\/lavilapalamos?__eep__=6&amp;__cft__[0]=AZXj07nrL_YCYwcec5Z86ZbFF1NGRy4kc4ucgf6KHB8ZNloHc-fDhnUcvmiWrWnMNknXhX3XwfHYokfzp-CH-L-_wE_1pAD51vMwZx2U-ZVp60z2OSJB8VoLEhXjGNYfglA&amp;__tn__=*NK-R\">#lavilapalamos<\/a> En Pere ha portat una granota <span class=\"pq6dq46d tbxw36s4 knj5qynh kvgmc6g5 ditlmg2l oygrvhab nvdbi5me sf5mxxl7 gl3lb2sf hhz5lgdu\"><img loading=\"lazy\" decoding=\"async\" src=\"https:\/\/static.xx.fbcdn.net\/images\/emoji.php\/v9\/t8a\/1.5\/16\/1f438.png\" alt=\"\ud83d\udc38\" width=\"16\" height=\"16\" \/><\/span><span class=\"pq6dq46d tbxw36s4 knj5qynh kvgmc6g5 ditlmg2l oygrvhab nvdbi5me sf5mxxl7 gl3lb2sf hhz5lgdu\"><img loading=\"lazy\" decoding=\"async\" src=\"https:\/\/static.xx.fbcdn.net\/images\/emoji.php\/v9\/t8a\/1.5\/16\/1f438.png\" alt=\"\ud83d\udc38\" width=\"16\" height=\"16\" \/><\/span> a la classe de 1r. Hem aprofitat per saber com s\u00f3n, on viuen, qu\u00e8 mengen. Tot a l&#8217;escola \u00e9s una oportunitat per l&#8217;aprenentatge.<\/span><\/p>\n<p><a href=\"https:\/\/agora.xtec.cat\/escolalavilapalamos\/wp-content\/uploads\/usu897\/2021\/04\/WhatsApp-Image-2021-04-26-at-19.20.31.jpeg\"><img loading=\"lazy\" decoding=\"async\" class=\"alignleft size-medium wp-image-9335\" src=\"https:\/\/agora.xtec.cat\/escolalavilapalamos\/wp-content\/uploads\/usu897\/2021\/04\/WhatsApp-Image-2021-04-26-at-19.20.31-225x300.jpeg\" alt=\"\" width=\"225\" height=\"300\" srcset=\"https:\/\/agora.xtec.cat\/escolalavilapalamos\/wp-content\/uploads\/usu897\/2021\/04\/WhatsApp-Image-2021-04-26-at-19.20.31-225x300.jpeg 225w, https:\/\/agora.xtec.cat\/escolalavilapalamos\/wp-content\/uploads\/usu897\/2021\/04\/WhatsApp-Image-2021-04-26-at-19.20.31.jpeg 768w\" sizes=\"auto, (max-width: 225px) 100vw, 225px\" \/><\/a> <a href=\"https:\/\/agora.xtec.cat\/escolalavilapalamos\/wp-content\/uploads\/usu897\/2021\/04\/WhatsApp-Image-2021-04-26-at-19.20.32-1.jpeg\"><img loading=\"lazy\" decoding=\"async\" class=\"alignleft size-medium wp-image-9336\" src=\"https:\/\/agora.xtec.cat\/escolalavilapalamos\/wp-content\/uploads\/usu897\/2021\/04\/WhatsApp-Image-2021-04-26-at-19.20.32-1-300x225.jpeg\" alt=\"\" width=\"300\" height=\"225\" srcset=\"https:\/\/agora.xtec.cat\/escolalavilapalamos\/wp-content\/uploads\/usu897\/2021\/04\/WhatsApp-Image-2021-04-26-at-19.20.32-1-300x225.jpeg 300w, https:\/\/agora.xtec.cat\/escolalavilapalamos\/wp-content\/uploads\/usu897\/2021\/04\/WhatsApp-Image-2021-04-26-at-19.20.32-1-768x576.jpeg 768w, https:\/\/agora.xtec.cat\/escolalavilapalamos\/wp-content\/uploads\/usu897\/2021\/04\/WhatsApp-Image-2021-04-26-at-19.20.32-1.jpeg 1024w, https:\/\/agora.xtec.cat\/escolalavilapalamos\/wp-content\/uploads\/usu897\/2021\/04\/WhatsApp-Image-2021-04-26-at-19.20.32-1-200x150.jpeg 200w\" sizes=\"auto, (max-width: 300px) 100vw, 300px\" \/><\/a> <a href=\"https:\/\/agora.xtec.cat\/escolalavilapalamos\/wp-content\/uploads\/usu897\/2021\/04\/WhatsApp-Image-2021-04-26-at-19.20.32-2.jpeg\"><img loading=\"lazy\" decoding=\"async\" class=\"alignleft size-medium wp-image-9337\" src=\"https:\/\/agora.xtec.cat\/escolalavilapalamos\/wp-content\/uploads\/usu897\/2021\/04\/WhatsApp-Image-2021-04-26-at-19.20.32-2-300x225.jpeg\" alt=\"\" width=\"300\" height=\"225\" srcset=\"https:\/\/agora.xtec.cat\/escolalavilapalamos\/wp-content\/uploads\/usu897\/2021\/04\/WhatsApp-Image-2021-04-26-at-19.20.32-2-300x225.jpeg 300w, https:\/\/agora.xtec.cat\/escolalavilapalamos\/wp-content\/uploads\/usu897\/2021\/04\/WhatsApp-Image-2021-04-26-at-19.20.32-2-768x576.jpeg 768w, https:\/\/agora.xtec.cat\/escolalavilapalamos\/wp-content\/uploads\/usu897\/2021\/04\/WhatsApp-Image-2021-04-26-at-19.20.32-2.jpeg 1024w, https:\/\/agora.xtec.cat\/escolalavilapalamos\/wp-content\/uploads\/usu897\/2021\/04\/WhatsApp-Image-2021-04-26-at-19.20.32-2-200x150.jpeg 200w\" sizes=\"auto, (max-width: 300px) 100vw, 300px\" \/><\/a> <a href=\"https:\/\/agora.xtec.cat\/escolalavilapalamos\/wp-content\/uploads\/usu897\/2021\/04\/WhatsApp-Image-2021-04-26-at-19.20.32.jpeg\"><img loading=\"lazy\" decoding=\"async\" class=\"alignleft size-medium wp-image-9338\" src=\"https:\/\/agora.xtec.cat\/escolalavilapalamos\/wp-content\/uploads\/usu897\/2021\/04\/WhatsApp-Image-2021-04-26-at-19.20.32-225x300.jpeg\" alt=\"\" width=\"225\" height=\"300\" srcset=\"https:\/\/agora.xtec.cat\/escolalavilapalamos\/wp-content\/uploads\/usu897\/2021\/04\/WhatsApp-Image-2021-04-26-at-19.20.32-225x300.jpeg 225w, https:\/\/agora.xtec.cat\/escolalavilapalamos\/wp-content\/uploads\/usu897\/2021\/04\/WhatsApp-Image-2021-04-26-at-19.20.32.jpeg 768w\" sizes=\"auto, (max-width: 225px) 100vw, 225px\" \/><\/a><\/p>\n","protected":false},"excerpt":{"rendered":"<p><a class=\"oajrlxb2 g5ia77u1 qu0x051f esr5mh6w e9989ue4 r7d6kgcz rq0escxv nhd2j8a9 nc684nl6 p7hjln8o kvgmc6g5 cxmmr5t8 oygrvhab hcukyx3x jb3vyjys rz4wbd8a qt6c0cv9 a8nywdso i1ao9s8h esuyzwwr f1sip0of lzcic4wl q66pz984 gpro0wi8 b1v8xokw\" tabindex=\"0\" role=\"link\" href=\"https:\/\/www.facebook.com\/hashtag\/lavilapalamos?__eep__=6&amp;__cft__[0]=AZXj07nrL_YCYwcec5Z86ZbFF1NGRy4kc4ucgf6KHB8ZNloHc-fDhnUcvmiWrWnMNknXhX3XwfHYokfzp-CH-L-_wE_1pAD51vMwZx2U-ZVp60z2OSJB8VoLEhXjGNYfglA&amp;__tn__=*NK-R\">#lavilapalamos<\/a> En Pere ha portat una granota  a la classe de 1r. Hem aprofitat per saber&hellip;  <a href=\"https:\/\/agora.xtec.cat\/escolalavilapalamos\/general\/una-granota-a-la-classe-de-1r\/\" title=\"Read Una granota a la classe de 1r\">Llegeix m\u00e9s\u00bb<\/a><\/p>\n","protected":false},"author":1,"featured_media":9338,"comment_status":"open","ping_status":"closed","sticky":false,"template":"","format":"standard","meta":{"_bbp_topic_count":0,"_bbp_reply_count":0,"_bbp_total_topic_count":0,"_bbp_total_reply_count":0,"_bbp_voice_count":0,"_bbp_anonymous_reply_count":0,"_bbp_topic_count_hidden":0,"_bbp_reply_count_hidden":0,"_bbp_forum_subforum_count":0,"footnotes":""},"categories":[127,1,4],"tags":[],"class_list":["post-9334","post","type-post","status-publish","format-standard","has-post-thumbnail","hentry","category-comunitat-de-mitjans","category-general","category-portada"],"post_mailing_queue_ids":[],"_links":{"self":[{"href":"https:\/\/agora.xtec.cat\/escolalavilapalamos\/wp-json\/wp\/v2\/posts\/9334","targetHints":{"allow":["GET"]}}],"collection":[{"href":"https:\/\/agora.xtec.cat\/escolalavilapalamos\/wp-json\/wp\/v2\/posts"}],"about":[{"href":"https:\/\/agora.xtec.cat\/escolalavilapalamos\/wp-json\/wp\/v2\/types\/post"}],"author":[{"embeddable":true,"href":"https:\/\/agora.xtec.cat\/escolalavilapalamos\/wp-json\/wp\/v2\/users\/1"}],"replies":[{"embeddable":true,"href":"https:\/\/agora.xtec.cat\/escolalavilapalamos\/wp-json\/wp\/v2\/comments?post=9334"}],"version-history":[{"count":1,"href":"https:\/\/agora.xtec.cat\/escolalavilapalamos\/wp-json\/wp\/v2\/posts\/9334\/revisions"}],"predecessor-version":[{"id":9340,"href":"https:\/\/agora.xtec.cat\/escolalavilapalamos\/wp-json\/wp\/v2\/posts\/9334\/revisions\/9340"}],"wp:featuredmedia":[{"embeddable":true,"href":"https:\/\/agora.xtec.cat\/escolalavilapalamos\/wp-json\/wp\/v2\/media\/9338"}],"wp:attachment":[{"href":"https:\/\/agora.xtec.cat\/escolalavilapalamos\/wp-json\/wp\/v2\/media?parent=9334"}],"wp:term":[{"taxonomy":"category","embeddable":true,"href":"https:\/\/agora.xtec.cat\/escolalavilapalamos\/wp-json\/wp\/v2\/categories?post=9334"},{"taxonomy":"post_tag","embeddable":true,"href":"https:\/\/agora.xtec.cat\/escolalavilapalamos\/wp-json\/wp\/v2\/tags?post=9334"}],"curies":[{"name":"wp","href":"https:\/\/api.w.org\/{rel}","templated":true}]}}