{"id":9330,"date":"2021-04-26T13:28:58","date_gmt":"2021-04-26T11:28:58","guid":{"rendered":"http:\/\/agora.xtec.cat\/escolalavilapalamos\/?p=9330"},"modified":"2021-04-26T15:16:27","modified_gmt":"2021-04-26T13:16:27","slug":"la-dentista-a-lescola-3","status":"publish","type":"post","link":"https:\/\/agora.xtec.cat\/escolalavilapalamos\/general\/la-dentista-a-lescola-3\/","title":{"rendered":"La dentista a l&#8217;escola"},"content":{"rendered":"<p><a href=\"https:\/\/agora.xtec.cat\/escolalavilapalamos\/wp-content\/uploads\/usu897\/2017\/04\/dental5B15D.gif.jpg\"><img loading=\"lazy\" decoding=\"async\" class=\"wp-image-1228 alignright\" src=\"https:\/\/agora.xtec.cat\/escolalavilapalamos\/wp-content\/uploads\/usu897\/2017\/04\/dental5B15D.gif.jpg\" alt=\"\" width=\"262\" height=\"251\" srcset=\"https:\/\/agora.xtec.cat\/escolalavilapalamos\/wp-content\/uploads\/usu897\/2017\/04\/dental5B15D.gif.jpg 500w, https:\/\/agora.xtec.cat\/escolalavilapalamos\/wp-content\/uploads\/usu897\/2017\/04\/dental5B15D.gif-300x288.jpg 300w\" sizes=\"auto, (max-width: 262px) 100vw, 262px\" \/><\/a>El dimecres 12 i dijous 13 de maig el servei d&#8217;odontologia de l&#8217;\u00c0rea B\u00e0sica de Salut de Palam\u00f3s ve a l&#8217;escola a fer <strong>les revisions bucodentals<\/strong>. Les revisions es faran als alumnes de 1r i 6\u00e8 a la mateixa escola. Passada la revisi\u00f3 les fam\u00edlies rebran un informe del nen\/a.<\/p>\n<p>Cal autoritzar per fer la revisi\u00f3 de salut bucodental a l&#8217;escola. Us la podeu <a href=\"https:\/\/drive.google.com\/file\/d\/1cFja-G5YWyt_guSfeU24zZRqyK7G8947\/view?usp=sharing\">descarregar aqu\u00ed<\/a><\/p>\n<p><strong>\u00c9s recomanable que el dia de la revisi\u00f3 l\u2019infant s\u2019hagi rentat les dents.<\/strong><\/p>\n<p>Cada curs escolar, els professionals d\u2019odontologia del Centre d\u2019Atenci\u00f3 Prim\u00e0ria (CAP) es desplacen a les escoles per fer les revisions de salut bucodental als infants i tallers de promoci\u00f3 de la salut bucodental. Aquestes activitats formen part del Programa de salut bucodental que permet dur a terme la detecci\u00f3 preco\u00e7 de la c\u00e0ries i refor\u00e7ar el consell per prevenir-la en infants i fam\u00edlies, i des del 2008, podeu anar al CAP per fer el tractament en dents permanents en menors de 15 anys.<\/p>\n<p>Les revisions es faran a l\u2019escola de manera segura, seguint un protocol dissenyat expressament per fer-les amb seguretat. Es realitzaran en un espai exterior o molt ben ventilat al qual els infants accediran d\u2019un en un i respectant totes les mesures de protecci\u00f3.<br \/>\nEls professionals d\u2019odontologia que accedeixin als centres per dur a terme les revisions hauran de fer \u00fas dels equips de protecci\u00f3 individual indicats a tal efecte. L\u2019equip de neteja del centre educatiu s\u2019ocupar\u00e0 de la neteja i desinfecci\u00f3 de l\u2019espai abans i despr\u00e9s de les revisions.<\/p>\n<p>M\u00e9s informaci\u00f3 al <a href=\"http:\/\/canalsalut.gencat.cat\/ca\/vida-saludable\/etapes-de-la-vida\/infants_adolescencia\/#bloc7\">Canal salut <\/a>de la Generalitat de Catalunya<\/p>\n","protected":false},"excerpt":{"rendered":"<p><a href=\"https:\/\/agora.xtec.cat\/escolalavilapalamos\/wp-content\/uploads\/usu897\/2017\/04\/dental5B15D.gif.jpg\"><\/a>El dimecres 12 i dijous 13 de maig el servei d&#8217;odontologia de l&#8217;\u00c0rea B\u00e0sica de Salut de Palam\u00f3s ve a l&#8217;escola a fer les revisions bucodentals. Les revisions es faran als alumnes de 1r i 6\u00e8 a la mateixa escola. Passada la revisi\u00f3 les&hellip;  <a href=\"https:\/\/agora.xtec.cat\/escolalavilapalamos\/general\/la-dentista-a-lescola-3\/\" title=\"Read La dentista a l&#8217;escola\">Llegeix m\u00e9s\u00bb<\/a><\/p>\n","protected":false},"author":1,"featured_media":1228,"comment_status":"open","ping_status":"closed","sticky":false,"template":"","format":"standard","meta":{"_bbp_topic_count":0,"_bbp_reply_count":0,"_bbp_total_topic_count":0,"_bbp_total_reply_count":0,"_bbp_voice_count":0,"_bbp_anonymous_reply_count":0,"_bbp_topic_count_hidden":0,"_bbp_reply_count_hidden":0,"_bbp_forum_subforum_count":0,"footnotes":""},"categories":[128,127,1,4],"tags":[],"class_list":["post-9330","post","type-post","status-publish","format-standard","has-post-thumbnail","hentry","category-comunitat-de-grans","category-comunitat-de-mitjans","category-general","category-portada"],"post_mailing_queue_ids":[],"_links":{"self":[{"href":"https:\/\/agora.xtec.cat\/escolalavilapalamos\/wp-json\/wp\/v2\/posts\/9330","targetHints":{"allow":["GET"]}}],"collection":[{"href":"https:\/\/agora.xtec.cat\/escolalavilapalamos\/wp-json\/wp\/v2\/posts"}],"about":[{"href":"https:\/\/agora.xtec.cat\/escolalavilapalamos\/wp-json\/wp\/v2\/types\/post"}],"author":[{"embeddable":true,"href":"https:\/\/agora.xtec.cat\/escolalavilapalamos\/wp-json\/wp\/v2\/users\/1"}],"replies":[{"embeddable":true,"href":"https:\/\/agora.xtec.cat\/escolalavilapalamos\/wp-json\/wp\/v2\/comments?post=9330"}],"version-history":[{"count":3,"href":"https:\/\/agora.xtec.cat\/escolalavilapalamos\/wp-json\/wp\/v2\/posts\/9330\/revisions"}],"predecessor-version":[{"id":9333,"href":"https:\/\/agora.xtec.cat\/escolalavilapalamos\/wp-json\/wp\/v2\/posts\/9330\/revisions\/9333"}],"wp:featuredmedia":[{"embeddable":true,"href":"https:\/\/agora.xtec.cat\/escolalavilapalamos\/wp-json\/wp\/v2\/media\/1228"}],"wp:attachment":[{"href":"https:\/\/agora.xtec.cat\/escolalavilapalamos\/wp-json\/wp\/v2\/media?parent=9330"}],"wp:term":[{"taxonomy":"category","embeddable":true,"href":"https:\/\/agora.xtec.cat\/escolalavilapalamos\/wp-json\/wp\/v2\/categories?post=9330"},{"taxonomy":"post_tag","embeddable":true,"href":"https:\/\/agora.xtec.cat\/escolalavilapalamos\/wp-json\/wp\/v2\/tags?post=9330"}],"curies":[{"name":"wp","href":"https:\/\/api.w.org\/{rel}","templated":true}]}}