{"id":9324,"date":"2021-04-26T12:29:11","date_gmt":"2021-04-26T10:29:11","guid":{"rendered":"http:\/\/agora.xtec.cat\/escolalavilapalamos\/?p=9324"},"modified":"2021-04-26T12:31:38","modified_gmt":"2021-04-26T10:31:38","slug":"el-rol-de-lalumne-a-en-el-seu-proces-davaluacio","status":"publish","type":"post","link":"https:\/\/agora.xtec.cat\/escolalavilapalamos\/general\/el-rol-de-lalumne-a-en-el-seu-proces-davaluacio\/","title":{"rendered":"El rol de l&#8217;alumne\/a en el seu proc\u00e9s d&#8217;avaluaci\u00f3"},"content":{"rendered":"<p><a href=\"https:\/\/agora.xtec.cat\/escolalavilapalamos\/wp-content\/uploads\/usu897\/2021\/04\/autoavaluaci\u00f3.jpg\"><img loading=\"lazy\" decoding=\"async\" class=\" wp-image-9325 aligncenter\" src=\"https:\/\/agora.xtec.cat\/escolalavilapalamos\/wp-content\/uploads\/usu897\/2021\/04\/autoavaluaci\u00f3-300x88.jpg\" alt=\"\" width=\"488\" height=\"143\" srcset=\"https:\/\/agora.xtec.cat\/escolalavilapalamos\/wp-content\/uploads\/usu897\/2021\/04\/autoavaluaci\u00f3-300x88.jpg 300w, https:\/\/agora.xtec.cat\/escolalavilapalamos\/wp-content\/uploads\/usu897\/2021\/04\/autoavaluaci\u00f3-768x224.jpg 768w, https:\/\/agora.xtec.cat\/escolalavilapalamos\/wp-content\/uploads\/usu897\/2021\/04\/autoavaluaci\u00f3.jpg 979w\" sizes=\"auto, (max-width: 488px) 100vw, 488px\" \/><\/a><\/p>\n<p>El proper\u00a0<strong>dimarts 27 d&#8217;abril a les 17:30h<\/strong>\u00a0hi haur\u00e0 un debat sobre\u00a0<strong>&#8220;El rol de l&#8217;alumne\/a en el seu proc\u00e9s d&#8217;avaluaci\u00f3&#8221;<\/strong>. L&#8217;escola La Vila aquest curs t\u00e9 com a objectiu &#8220;millorar l&#8217;avaluaci\u00f3 per a millorar l&#8217;aprenentatge&#8221; i per tant segur que ser\u00e0 un debat molt enriquidor. Hi participen altres escoles i modera <strong>Neus Sanmart\u00ed<\/strong> experta i referent en avaluaci\u00f3.<\/p>\n<p>Tota la comunitat educativa hi \u00e9s convidada.\u00a0 Us fem arribar l&#8217;enlla\u00e7 d&#8217;inscripci\u00f3:\u00a0<a href=\"https:\/\/forms.office.com\/Pages\/ResponsePage.aspx?id=hGPWr4QzkEqji1aO6j3TXt2QVi738cFPnLVZREOjY4pURVROUDU0WFpUNVFRSTRNNFc0SjdaR1BGVi4u\">Inscripci\u00f3 al debat<\/a><\/p>\n<p>M\u00e9s informaci\u00f3 a\u00a0<a href=\"https:\/\/diarieducacio.cat\/extra\/2021\/04\/19\/el-rol-de-lalumne-en-el-seu-proces-davaluacio-a-debat\/\">aqu\u00ed<\/a><\/p>\n","protected":false},"excerpt":{"rendered":"<p><a href=\"https:\/\/agora.xtec.cat\/escolalavilapalamos\/wp-content\/uploads\/usu897\/2021\/04\/autoavaluaci\u00f3.jpg\"><\/a><br \/>\nEl proper\u00a0dimarts 27 d&#8217;abril a les 17:30h\u00a0hi haur\u00e0 un debat sobre\u00a0&#8220;El rol de l&#8217;alumne\/a en el seu proc\u00e9s d&#8217;avaluaci\u00f3&#8221;. L&#8217;escola La Vila aquest curs t\u00e9 com a objectiu &#8220;millorar l&#8217;avaluaci\u00f3 per a millorar l&#8217;aprenentatge&#8221; i per tant segur que ser\u00e0 un debat molt enriquidor.&hellip;  <a href=\"https:\/\/agora.xtec.cat\/escolalavilapalamos\/general\/el-rol-de-lalumne-a-en-el-seu-proces-davaluacio\/\" title=\"Read El rol de l&#8217;alumne\/a en el seu proc\u00e9s d&#8217;avaluaci\u00f3\">Llegeix m\u00e9s\u00bb<\/a><\/p>\n","protected":false},"author":1,"featured_media":9325,"comment_status":"open","ping_status":"closed","sticky":false,"template":"","format":"standard","meta":{"_bbp_topic_count":0,"_bbp_reply_count":0,"_bbp_total_topic_count":0,"_bbp_total_reply_count":0,"_bbp_voice_count":0,"_bbp_anonymous_reply_count":0,"_bbp_topic_count_hidden":0,"_bbp_reply_count_hidden":0,"_bbp_forum_subforum_count":0,"footnotes":""},"categories":[1,4],"tags":[],"class_list":["post-9324","post","type-post","status-publish","format-standard","has-post-thumbnail","hentry","category-general","category-portada"],"post_mailing_queue_ids":[],"_links":{"self":[{"href":"https:\/\/agora.xtec.cat\/escolalavilapalamos\/wp-json\/wp\/v2\/posts\/9324","targetHints":{"allow":["GET"]}}],"collection":[{"href":"https:\/\/agora.xtec.cat\/escolalavilapalamos\/wp-json\/wp\/v2\/posts"}],"about":[{"href":"https:\/\/agora.xtec.cat\/escolalavilapalamos\/wp-json\/wp\/v2\/types\/post"}],"author":[{"embeddable":true,"href":"https:\/\/agora.xtec.cat\/escolalavilapalamos\/wp-json\/wp\/v2\/users\/1"}],"replies":[{"embeddable":true,"href":"https:\/\/agora.xtec.cat\/escolalavilapalamos\/wp-json\/wp\/v2\/comments?post=9324"}],"version-history":[{"count":1,"href":"https:\/\/agora.xtec.cat\/escolalavilapalamos\/wp-json\/wp\/v2\/posts\/9324\/revisions"}],"predecessor-version":[{"id":9326,"href":"https:\/\/agora.xtec.cat\/escolalavilapalamos\/wp-json\/wp\/v2\/posts\/9324\/revisions\/9326"}],"wp:featuredmedia":[{"embeddable":true,"href":"https:\/\/agora.xtec.cat\/escolalavilapalamos\/wp-json\/wp\/v2\/media\/9325"}],"wp:attachment":[{"href":"https:\/\/agora.xtec.cat\/escolalavilapalamos\/wp-json\/wp\/v2\/media?parent=9324"}],"wp:term":[{"taxonomy":"category","embeddable":true,"href":"https:\/\/agora.xtec.cat\/escolalavilapalamos\/wp-json\/wp\/v2\/categories?post=9324"},{"taxonomy":"post_tag","embeddable":true,"href":"https:\/\/agora.xtec.cat\/escolalavilapalamos\/wp-json\/wp\/v2\/tags?post=9324"}],"curies":[{"name":"wp","href":"https:\/\/api.w.org\/{rel}","templated":true}]}}