{"id":9320,"date":"2021-04-29T08:30:07","date_gmt":"2021-04-29T06:30:07","guid":{"rendered":"http:\/\/agora.xtec.cat\/escolalavilapalamos\/?p=9320"},"modified":"2021-04-29T20:26:23","modified_gmt":"2021-04-29T18:26:23","slug":"projecte-educatiu-del-mosquit-tigre-2","status":"publish","type":"post","link":"https:\/\/agora.xtec.cat\/escolalavilapalamos\/general\/projecte-educatiu-del-mosquit-tigre-2\/","title":{"rendered":"Xerrada del Mosquit tigre"},"content":{"rendered":"<p><a href=\"https:\/\/agora.xtec.cat\/escolalavilapalamos\/wp-content\/uploads\/usu897\/2021\/04\/Mosquit-tigre.jpg\"><img loading=\"lazy\" decoding=\"async\" class=\"alignleft size-medium wp-image-9321\" src=\"https:\/\/agora.xtec.cat\/escolalavilapalamos\/wp-content\/uploads\/usu897\/2021\/04\/Mosquit-tigre-300x227.jpg\" alt=\"\" width=\"300\" height=\"227\" srcset=\"https:\/\/agora.xtec.cat\/escolalavilapalamos\/wp-content\/uploads\/usu897\/2021\/04\/Mosquit-tigre-300x227.jpg 300w, https:\/\/agora.xtec.cat\/escolalavilapalamos\/wp-content\/uploads\/usu897\/2021\/04\/Mosquit-tigre-200x150.jpg 200w, https:\/\/agora.xtec.cat\/escolalavilapalamos\/wp-content\/uploads\/usu897\/2021\/04\/Mosquit-tigre.jpg 461w\" sizes=\"auto, (max-width: 300px) 100vw, 300px\" \/><\/a><\/p>\n<p>El dimecres 5 de maig al mat\u00ed, els\/les nois i noies de 5\u00e8 participen a la xerrada del mosquit tigre.<\/p>\n<p>Des de l\u2019any 2009 es desenvolupa a l\u2019escola el <strong>Projecte Educatiu del Mosquit Tigre. <\/strong>\u00c9s una activitat gratu\u00efta i forma part d\u2019un programa m\u00e9s ampli, el Programa de seguiment i vigil\u00e0ncia del mosquit tigre a la demarcaci\u00f3 de Girona impulsat per Dipsalut, que t\u00e9 com a objectiu minimitzar els efectes negatius de l\u2019arribada del mosquit tigre al nostre territori. El benestar i la salut de la poblaci\u00f3 estan en risc, en especial per l\u2019aparici\u00f3 de malalties emergents com ara el Zika, el Dengue o el Chikingunya, de les quals el mosquit tigre n\u2019\u00e9s vector. Sense la col\u00b7laboraci\u00f3 de la poblaci\u00f3 es fa dif\u00edcil frenar aquesta esp\u00e8cie invasora, que t\u00e9 com a h\u00e0bitat principal l\u2019\u00e0mbit privat de les cases. L\u2019esp\u00e8cie ja es troba instal\u00b7lada pr\u00e0cticament en la totalitat de les comarques gironines i la sensibilitzaci\u00f3 de la poblaci\u00f3 \u00e9s la millor eina que tenim per poder-la combatre.<\/p>\n<ul>\n<li>Proporciona eines a l\u2019alumnat per aprendre a ubicar-se, habitar, respectar, millorar i fer un \u00fas sostenible de l\u2019entorn on viu.<\/li>\n<li>Els introdueix als treballs d\u2019investigaci\u00f3 a partir de q\u00fcestions rellevants del medi mitjan\u00e7ant el treball cooperatiu i utilitzant diferents fonts d\u2019informaci\u00f3.<\/li>\n<li>Apropa els nois i noies al m\u00e8tode cient\u00edfic.<\/li>\n<li>Els fa coneixedors alhora que ajuda a empoderar-los a ells i a les seves fam\u00edlies per a la gesti\u00f3 d\u2019un problema actual de salut p\u00fablica.<\/li>\n<\/ul>\n<p>Continguts de la xerrada:<br \/>\n\u00b7 Biologia general dels mosquits i caracter\u00edstiques del mosquit tigre.<\/p>\n<p>\u00b7 Motius per al seu control.<\/p>\n<p>\u00b7 Mesures preventives.<\/p>\n<p>\u00b7 Explicaci\u00f3 de l\u2019activitat de recollida de mostres i funcionament del kit (\u00fanicament xerrada presencial).<\/p>\n<p>Us podeu descarregar <a href=\"https:\/\/drive.google.com\/file\/d\/1tIeAscTT2BlW0A_jhtBDb4ZRNbCDJ9L2\/view?usp=sharing\">la Circular<\/a>.\u00a0 M\u00e9s informaci\u00f3 del <a href=\"http:\/\/elmosquitigrealescola.blogspot.com\/p\/recursos-digitals.html\">Projecte Mosquit Tigre<\/a><\/p>\n","protected":false},"excerpt":{"rendered":"<p><a href=\"https:\/\/agora.xtec.cat\/escolalavilapalamos\/wp-content\/uploads\/usu897\/2021\/04\/Mosquit-tigre.jpg\"><\/a><br \/>\nEl dimecres 5 de maig al mat\u00ed, els\/les nois i noies de 5\u00e8 participen a la xerrada del mosquit tigre.<br \/>\nDes de l\u2019any 2009 es desenvolupa a l\u2019escola el Projecte Educatiu del Mosquit Tigre. \u00c9s una activitat gratu\u00efta i forma part d\u2019un programa m\u00e9s ampli,&hellip;  <a href=\"https:\/\/agora.xtec.cat\/escolalavilapalamos\/general\/projecte-educatiu-del-mosquit-tigre-2\/\" title=\"Read Xerrada del Mosquit tigre\">Llegeix m\u00e9s\u00bb<\/a><\/p>\n","protected":false},"author":1,"featured_media":9321,"comment_status":"open","ping_status":"closed","sticky":false,"template":"","format":"standard","meta":{"_bbp_topic_count":0,"_bbp_reply_count":0,"_bbp_total_topic_count":0,"_bbp_total_reply_count":0,"_bbp_voice_count":0,"_bbp_anonymous_reply_count":0,"_bbp_topic_count_hidden":0,"_bbp_reply_count_hidden":0,"_bbp_forum_subforum_count":0,"footnotes":""},"categories":[128,1,4],"tags":[],"class_list":["post-9320","post","type-post","status-publish","format-standard","has-post-thumbnail","hentry","category-comunitat-de-grans","category-general","category-portada"],"post_mailing_queue_ids":[],"_links":{"self":[{"href":"https:\/\/agora.xtec.cat\/escolalavilapalamos\/wp-json\/wp\/v2\/posts\/9320","targetHints":{"allow":["GET"]}}],"collection":[{"href":"https:\/\/agora.xtec.cat\/escolalavilapalamos\/wp-json\/wp\/v2\/posts"}],"about":[{"href":"https:\/\/agora.xtec.cat\/escolalavilapalamos\/wp-json\/wp\/v2\/types\/post"}],"author":[{"embeddable":true,"href":"https:\/\/agora.xtec.cat\/escolalavilapalamos\/wp-json\/wp\/v2\/users\/1"}],"replies":[{"embeddable":true,"href":"https:\/\/agora.xtec.cat\/escolalavilapalamos\/wp-json\/wp\/v2\/comments?post=9320"}],"version-history":[{"count":3,"href":"https:\/\/agora.xtec.cat\/escolalavilapalamos\/wp-json\/wp\/v2\/posts\/9320\/revisions"}],"predecessor-version":[{"id":9381,"href":"https:\/\/agora.xtec.cat\/escolalavilapalamos\/wp-json\/wp\/v2\/posts\/9320\/revisions\/9381"}],"wp:featuredmedia":[{"embeddable":true,"href":"https:\/\/agora.xtec.cat\/escolalavilapalamos\/wp-json\/wp\/v2\/media\/9321"}],"wp:attachment":[{"href":"https:\/\/agora.xtec.cat\/escolalavilapalamos\/wp-json\/wp\/v2\/media?parent=9320"}],"wp:term":[{"taxonomy":"category","embeddable":true,"href":"https:\/\/agora.xtec.cat\/escolalavilapalamos\/wp-json\/wp\/v2\/categories?post=9320"},{"taxonomy":"post_tag","embeddable":true,"href":"https:\/\/agora.xtec.cat\/escolalavilapalamos\/wp-json\/wp\/v2\/tags?post=9320"}],"curies":[{"name":"wp","href":"https:\/\/api.w.org\/{rel}","templated":true}]}}