{"id":9311,"date":"2021-04-23T16:10:59","date_gmt":"2021-04-23T14:10:59","guid":{"rendered":"http:\/\/agora.xtec.cat\/escolalavilapalamos\/?p=9311"},"modified":"2021-04-26T15:12:55","modified_gmt":"2021-04-26T13:12:55","slug":"lecxit-a-6e","status":"publish","type":"post","link":"https:\/\/agora.xtec.cat\/escolalavilapalamos\/general\/lecxit-a-6e\/","title":{"rendered":"Lecxit a 6\u00e8"},"content":{"rendered":"<p><a href=\"https:\/\/agora.xtec.cat\/escolalavilapalamos\/wp-content\/uploads\/usu897\/2021\/04\/\u00edndex.png\"><img loading=\"lazy\" decoding=\"async\" class=\"alignleft size-full wp-image-9312\" src=\"https:\/\/agora.xtec.cat\/escolalavilapalamos\/wp-content\/uploads\/usu897\/2021\/04\/\u00edndex.png\" alt=\"\" width=\"177\" height=\"178\" srcset=\"https:\/\/agora.xtec.cat\/escolalavilapalamos\/wp-content\/uploads\/usu897\/2021\/04\/\u00edndex.png 177w, https:\/\/agora.xtec.cat\/escolalavilapalamos\/wp-content\/uploads\/usu897\/2021\/04\/\u00edndex-150x150.png 150w\" sizes=\"auto, (max-width: 177px) 100vw, 177px\" \/><\/a>Els alumnes de 6\u00e8 hem participat en el concurs de <strong>contes breus organitzat des del programa\u00a0 Lecxit dins la campanya \u201cGuanyem un estiu lector\u201d<\/strong>. Hav\u00edem d\u2019escriure un conte breu de m\u00e0xim 180 paraules i vam decidir participar-hi. Els alumnes seleccionats van ser Malak Belasri, David Zorrilla i Rayan Hammouch, de 6\u00e8 A, Carolina Moreno i Max Trullols de 6\u00e8 B i Meriam Torrents de 6\u00e8C.<\/p>\n<p>Han estat m\u00e9s de 300 els contes breus presentats. El conte d\u2019en Max Trullols, de 6\u00e8 B, ha estat seleccionat com un dels cinc contes guanyadors i acompanyar\u00e0 el carnet lector d\u2019aquest estiu, que sortir\u00e0 publicat el mes de maig. Tamb\u00e9\u00a0 formar\u00e0 part del llibre en format digital que recollir\u00e0\u00a0 els 20 escrits que el jurat ha considerat millors.<\/p>\n<p>L\u2019escola rebr\u00e0 un lot de llibres.<\/p>\n<p>Gr\u00e0cies a tots per participar i felicitem especialment a en Max<\/p>\n<p>Cliqueu aqu\u00ed per llegir el conte d\u2019en Max : <a href=\"https:\/\/drive.google.com\/file\/d\/1i_qfzkwaUUj1HGULr-ERDIzOTexq7GGo\/view?usp=sharing\">La polsera<\/a><\/p>\n<p>&nbsp;<\/p>\n","protected":false},"excerpt":{"rendered":"<p><a href=\"https:\/\/agora.xtec.cat\/escolalavilapalamos\/wp-content\/uploads\/usu897\/2021\/04\/\u00edndex.png\"><\/a>Els alumnes de 6\u00e8 hem participat en el concurs de contes breus organitzat des del programa\u00a0 Lecxit dins la campanya \u201cGuanyem un estiu lector\u201d. Hav\u00edem d\u2019escriure un conte breu de m\u00e0xim 180 paraules i vam decidir participar-hi. Els alumnes seleccionats van ser Malak Belasri,&hellip;  <a href=\"https:\/\/agora.xtec.cat\/escolalavilapalamos\/general\/lecxit-a-6e\/\" title=\"Read Lecxit a 6\u00e8\">Llegeix m\u00e9s\u00bb<\/a><\/p>\n","protected":false},"author":132,"featured_media":9312,"comment_status":"open","ping_status":"closed","sticky":false,"template":"","format":"standard","meta":{"_bbp_topic_count":0,"_bbp_reply_count":0,"_bbp_total_topic_count":0,"_bbp_total_reply_count":0,"_bbp_voice_count":0,"_bbp_anonymous_reply_count":0,"_bbp_topic_count_hidden":0,"_bbp_reply_count_hidden":0,"_bbp_forum_subforum_count":0,"footnotes":""},"categories":[128,1,4],"tags":[],"class_list":["post-9311","post","type-post","status-publish","format-standard","has-post-thumbnail","hentry","category-comunitat-de-grans","category-general","category-portada"],"post_mailing_queue_ids":[],"_links":{"self":[{"href":"https:\/\/agora.xtec.cat\/escolalavilapalamos\/wp-json\/wp\/v2\/posts\/9311","targetHints":{"allow":["GET"]}}],"collection":[{"href":"https:\/\/agora.xtec.cat\/escolalavilapalamos\/wp-json\/wp\/v2\/posts"}],"about":[{"href":"https:\/\/agora.xtec.cat\/escolalavilapalamos\/wp-json\/wp\/v2\/types\/post"}],"author":[{"embeddable":true,"href":"https:\/\/agora.xtec.cat\/escolalavilapalamos\/wp-json\/wp\/v2\/users\/132"}],"replies":[{"embeddable":true,"href":"https:\/\/agora.xtec.cat\/escolalavilapalamos\/wp-json\/wp\/v2\/comments?post=9311"}],"version-history":[{"count":3,"href":"https:\/\/agora.xtec.cat\/escolalavilapalamos\/wp-json\/wp\/v2\/posts\/9311\/revisions"}],"predecessor-version":[{"id":9316,"href":"https:\/\/agora.xtec.cat\/escolalavilapalamos\/wp-json\/wp\/v2\/posts\/9311\/revisions\/9316"}],"wp:featuredmedia":[{"embeddable":true,"href":"https:\/\/agora.xtec.cat\/escolalavilapalamos\/wp-json\/wp\/v2\/media\/9312"}],"wp:attachment":[{"href":"https:\/\/agora.xtec.cat\/escolalavilapalamos\/wp-json\/wp\/v2\/media?parent=9311"}],"wp:term":[{"taxonomy":"category","embeddable":true,"href":"https:\/\/agora.xtec.cat\/escolalavilapalamos\/wp-json\/wp\/v2\/categories?post=9311"},{"taxonomy":"post_tag","embeddable":true,"href":"https:\/\/agora.xtec.cat\/escolalavilapalamos\/wp-json\/wp\/v2\/tags?post=9311"}],"curies":[{"name":"wp","href":"https:\/\/api.w.org\/{rel}","templated":true}]}}