{"id":9284,"date":"2021-04-19T19:50:34","date_gmt":"2021-04-19T17:50:34","guid":{"rendered":"http:\/\/agora.xtec.cat\/escolalavilapalamos\/?p=9284"},"modified":"2021-04-19T19:50:34","modified_gmt":"2021-04-19T17:50:34","slug":"com-es-va-crear-la-terra","status":"publish","type":"post","link":"https:\/\/agora.xtec.cat\/escolalavilapalamos\/general\/com-es-va-crear-la-terra\/","title":{"rendered":"Com es va crear la Terra?"},"content":{"rendered":"<p style=\"text-align: center;\"><em><strong>&#8230;.. I si sortim al pati i excavem un t\u00fanel&#8230;. Qu\u00e8 trobar\u00edem? <\/strong><\/em>D&#8217;aquesta manera \u00e9s com ens iniciem en el recorregut cient\u00edfic de <strong>&#8220;La Terra&#8221;. <\/strong><\/p>\n<p>Ens agrada tant saber com es va formar la terra que per parelles triem un moment de l&#8217;evoluci\u00f3. Treballem a partir de l&#8217;elaboraci\u00f3 d&#8217;un dibuix, ens documentem amb llibres de la biblioteca, ho escrivim i els acompanyem en el seu aprenentatge.<\/p>\n<p>&#8230; I vosaltres?\u00a0 ho voleu saber? no us perdeu l&#8217;explicaci\u00f3 !!<\/p>\n<p><iframe loading=\"lazy\" src=\"\/\/www.youtube.com\/embed\/AsK03EJlfRk?t=93s\" width=\"560\" height=\"314\"><\/iframe><\/p>\n","protected":false},"excerpt":{"rendered":"<p>&#8230;.. I si sortim al pati i excavem un t\u00fanel&#8230;. Qu\u00e8 trobar\u00edem? D&#8217;aquesta manera \u00e9s com ens iniciem en el recorregut cient\u00edfic de &#8220;La Terra&#8221;.<br \/>\nEns agrada tant saber com es va formar la terra que per parelles triem un moment de l&#8217;evoluci\u00f3. Treballem a&hellip;  <a href=\"https:\/\/agora.xtec.cat\/escolalavilapalamos\/general\/com-es-va-crear-la-terra\/\" title=\"Read Com es va crear la Terra?\">Llegeix m\u00e9s\u00bb<\/a><\/p>\n","protected":false},"author":46,"featured_media":9297,"comment_status":"open","ping_status":"closed","sticky":false,"template":"","format":"standard","meta":{"_bbp_topic_count":0,"_bbp_reply_count":0,"_bbp_total_topic_count":0,"_bbp_total_reply_count":0,"_bbp_voice_count":0,"_bbp_anonymous_reply_count":0,"_bbp_topic_count_hidden":0,"_bbp_reply_count_hidden":0,"_bbp_forum_subforum_count":0,"footnotes":""},"categories":[127,1,4],"tags":[],"class_list":["post-9284","post","type-post","status-publish","format-standard","has-post-thumbnail","hentry","category-comunitat-de-mitjans","category-general","category-portada"],"post_mailing_queue_ids":[],"_links":{"self":[{"href":"https:\/\/agora.xtec.cat\/escolalavilapalamos\/wp-json\/wp\/v2\/posts\/9284","targetHints":{"allow":["GET"]}}],"collection":[{"href":"https:\/\/agora.xtec.cat\/escolalavilapalamos\/wp-json\/wp\/v2\/posts"}],"about":[{"href":"https:\/\/agora.xtec.cat\/escolalavilapalamos\/wp-json\/wp\/v2\/types\/post"}],"author":[{"embeddable":true,"href":"https:\/\/agora.xtec.cat\/escolalavilapalamos\/wp-json\/wp\/v2\/users\/46"}],"replies":[{"embeddable":true,"href":"https:\/\/agora.xtec.cat\/escolalavilapalamos\/wp-json\/wp\/v2\/comments?post=9284"}],"version-history":[{"count":3,"href":"https:\/\/agora.xtec.cat\/escolalavilapalamos\/wp-json\/wp\/v2\/posts\/9284\/revisions"}],"predecessor-version":[{"id":9298,"href":"https:\/\/agora.xtec.cat\/escolalavilapalamos\/wp-json\/wp\/v2\/posts\/9284\/revisions\/9298"}],"wp:featuredmedia":[{"embeddable":true,"href":"https:\/\/agora.xtec.cat\/escolalavilapalamos\/wp-json\/wp\/v2\/media\/9297"}],"wp:attachment":[{"href":"https:\/\/agora.xtec.cat\/escolalavilapalamos\/wp-json\/wp\/v2\/media?parent=9284"}],"wp:term":[{"taxonomy":"category","embeddable":true,"href":"https:\/\/agora.xtec.cat\/escolalavilapalamos\/wp-json\/wp\/v2\/categories?post=9284"},{"taxonomy":"post_tag","embeddable":true,"href":"https:\/\/agora.xtec.cat\/escolalavilapalamos\/wp-json\/wp\/v2\/tags?post=9284"}],"curies":[{"name":"wp","href":"https:\/\/api.w.org\/{rel}","templated":true}]}}