{"id":9277,"date":"2021-04-19T16:24:07","date_gmt":"2021-04-19T14:24:07","guid":{"rendered":"http:\/\/agora.xtec.cat\/escolalavilapalamos\/?p=9277"},"modified":"2021-04-20T15:32:17","modified_gmt":"2021-04-20T13:32:17","slug":"imagina","status":"publish","type":"post","link":"https:\/\/agora.xtec.cat\/escolalavilapalamos\/general\/imagina\/","title":{"rendered":"Imagina !"},"content":{"rendered":"<p><a href=\"https:\/\/photos.app.goo.gl\/NTCY13JggKAHHoSr9\"><img loading=\"lazy\" decoding=\"async\" class=\"attachment-266x266 alignright\" src=\"https:\/\/agora.xtec.cat\/escolalavilapalamos\/wp-content\/uploads\/usu897\/2021\/04\/52a318b7-aed3-4513-b711-292d23fa88a1-300x300.jpg\" alt=\"\" width=\"324\" height=\"324\" \/><\/a><\/p>\n<p><strong><em>Hi havia una vegada\u2026 <\/em><\/strong><span style=\"font-weight: 400;\">A tots ens agrada escoltar contes i ara<\/span><span style=\"font-weight: 400;\">\u00a0 fem volar la nostra imaginaci\u00f3 !!!<\/span><\/p>\n<p><span style=\"font-weight: 400;\">En les propostes de llengua hem treballat diferents tipologies d\u2019escriptura; la descripci\u00f3 de personatges, escriptura lliure, les rimes\u2026 poc a poc hem anat entrant en l\u2019estructura que tenen els contes; <\/span><span style=\"font-weight: 400;\">com comencen, on passa, com acaben, quins personatges apareixen\u2026. Per escriure un conte \u00e9s important que es faci una planificaci\u00f3, els hem acompanyat en el proc\u00e9s perqu\u00e8 tinguin eines per elaborar-ne un tot sols.<\/span><\/p>\n<p><span style=\"font-weight: 400;\">&#8230;.. I ja tenim el nostre primer esborrany ! Aprofitarem la setmana de Sant Jordi per compartir les lectures a la rotllana.\u00a0<\/span><\/p>\n<p><a href=\"https:\/\/photos.app.goo.gl\/NTCY13JggKAHHoSr9\"><em>Clica la foto per veure les fotos de l&#8217;activitat.<\/em><\/a><\/p>\n","protected":false},"excerpt":{"rendered":"<p><a href=\"https:\/\/photos.app.goo.gl\/NTCY13JggKAHHoSr9\"><\/a><br \/>\nHi havia una vegada\u2026 A tots ens agrada escoltar contes i ara\u00a0 fem volar la nostra imaginaci\u00f3 !!!<br \/>\nEn les propostes de llengua hem treballat diferents tipologies d\u2019escriptura; la descripci\u00f3 de personatges, escriptura lliure, les rimes\u2026 poc a poc hem anat entrant en l\u2019estructura que&hellip;  <a href=\"https:\/\/agora.xtec.cat\/escolalavilapalamos\/general\/imagina\/\" title=\"Read Imagina !\">Llegeix m\u00e9s\u00bb<\/a><\/p>\n","protected":false},"author":46,"featured_media":9278,"comment_status":"open","ping_status":"closed","sticky":false,"template":"","format":"standard","meta":{"_bbp_topic_count":0,"_bbp_reply_count":0,"_bbp_total_topic_count":0,"_bbp_total_reply_count":0,"_bbp_voice_count":0,"_bbp_anonymous_reply_count":0,"_bbp_topic_count_hidden":0,"_bbp_reply_count_hidden":0,"_bbp_forum_subforum_count":0,"footnotes":""},"categories":[127,1,4],"tags":[],"class_list":["post-9277","post","type-post","status-publish","format-standard","has-post-thumbnail","hentry","category-comunitat-de-mitjans","category-general","category-portada"],"post_mailing_queue_ids":[],"_links":{"self":[{"href":"https:\/\/agora.xtec.cat\/escolalavilapalamos\/wp-json\/wp\/v2\/posts\/9277","targetHints":{"allow":["GET"]}}],"collection":[{"href":"https:\/\/agora.xtec.cat\/escolalavilapalamos\/wp-json\/wp\/v2\/posts"}],"about":[{"href":"https:\/\/agora.xtec.cat\/escolalavilapalamos\/wp-json\/wp\/v2\/types\/post"}],"author":[{"embeddable":true,"href":"https:\/\/agora.xtec.cat\/escolalavilapalamos\/wp-json\/wp\/v2\/users\/46"}],"replies":[{"embeddable":true,"href":"https:\/\/agora.xtec.cat\/escolalavilapalamos\/wp-json\/wp\/v2\/comments?post=9277"}],"version-history":[{"count":3,"href":"https:\/\/agora.xtec.cat\/escolalavilapalamos\/wp-json\/wp\/v2\/posts\/9277\/revisions"}],"predecessor-version":[{"id":9301,"href":"https:\/\/agora.xtec.cat\/escolalavilapalamos\/wp-json\/wp\/v2\/posts\/9277\/revisions\/9301"}],"wp:featuredmedia":[{"embeddable":true,"href":"https:\/\/agora.xtec.cat\/escolalavilapalamos\/wp-json\/wp\/v2\/media\/9278"}],"wp:attachment":[{"href":"https:\/\/agora.xtec.cat\/escolalavilapalamos\/wp-json\/wp\/v2\/media?parent=9277"}],"wp:term":[{"taxonomy":"category","embeddable":true,"href":"https:\/\/agora.xtec.cat\/escolalavilapalamos\/wp-json\/wp\/v2\/categories?post=9277"},{"taxonomy":"post_tag","embeddable":true,"href":"https:\/\/agora.xtec.cat\/escolalavilapalamos\/wp-json\/wp\/v2\/tags?post=9277"}],"curies":[{"name":"wp","href":"https:\/\/api.w.org\/{rel}","templated":true}]}}