{"id":9268,"date":"2021-04-19T14:54:09","date_gmt":"2021-04-19T12:54:09","guid":{"rendered":"http:\/\/agora.xtec.cat\/escolalavilapalamos\/?p=9268"},"modified":"2021-04-26T15:30:54","modified_gmt":"2021-04-26T13:30:54","slug":"grups-de-treball-de-p5","status":"publish","type":"post","link":"https:\/\/agora.xtec.cat\/escolalavilapalamos\/general\/grups-de-treball-de-p5\/","title":{"rendered":"Grups de treball de P5"},"content":{"rendered":"<p><span style=\"font-weight: 400;\">Els grups de treball del <strong>Projecte Palam\u00f3s<\/strong> han estat compartint tot el que han descobert dels diversos temes relacionats amb el nostre municipi: el far, les platges, els ports i els oficis.<\/span><\/p>\n<p><span style=\"font-weight: 400;\"><a href=\"https:\/\/photos.app.goo.gl\/mXLeBpgKp58p2CLi8\"><br \/>\n<img loading=\"lazy\" decoding=\"async\" class=\"size-full wp-image-9269 alignright\" src=\"https:\/\/agora.xtec.cat\/escolalavilapalamos\/wp-content\/uploads\/usu897\/2021\/04\/LOGO.png\" alt=\"\" width=\"273\" height=\"185\" \/><\/a>La primera trobada dels alumnes de cada un dels grups, va servir per plantejar-nos:\u00a0 qu\u00e8 sabem i qu\u00e8 volem saber d\u2019aquests temes. Despr\u00e9s d\u2019un munt d\u2019idees compartides, es van anar generant tot de preguntes.\u00a0<\/span><\/p>\n<p><span style=\"font-weight: 400;\">Va ser el moment de fer recerca i demanar ajuda a les fam\u00edlies, per mirar de respondre aquelles preguntes generades pels infants. Aix\u00ed va ser com cada un dels alumnes va anar aportant material, imatges, an\u00e8cdotes, dades, documents\u2026 que ens han servit per anar responent els nostres dubtes.<\/span><\/p>\n<p><span style=\"font-weight: 400;\">A l\u2019aula, cada infant va compartir als seus companys de grup, tot\u00a0 all\u00f2 que la fam\u00edlia li havia explicat, el que havien vist i trobat fent recerca. D\u2019aquesta manera an\u00e0vem responent les preguntes que ens hav\u00edem generat en un principi.<\/span><\/p>\n<p><span style=\"font-weight: 400;\">Amb tota aquesta informaci\u00f3, vam preparar uns panells\/cartells explicatius, que ens van servir de suport visual a l\u2019hora de fer l\u2019exposici\u00f3 a la resta de companys de l\u2019aula.\u00a0<\/span><\/p>\n<p><span style=\"font-weight: 400;\">D\u2019aquesta manera, tots els alumnes de l\u2019aula, han compartit i apr\u00e8s un munt de coses relacionades amb el far, els oficis, els port i les platges del municipi.\u00a0 <\/span><\/p>\n<p><em><span style=\"font-weight: 400;\">(Cliqueu la imatge per veure les fotos)<\/span><\/em><\/p>\n<p>&nbsp;<\/p>\n","protected":false},"excerpt":{"rendered":"<p>Els grups de treball del Projecte Palam\u00f3s han estat compartint tot el que han descobert dels diversos temes relacionats amb el nostre municipi: el far, les platges, els ports i els oficis.<br \/>\n<a href=\"https:\/\/photos.app.goo.gl\/mXLeBpgKp58p2CLi8\"><br \/>\n<\/a>La primera trobada dels alumnes de cada un dels grups, va servir per&hellip;  <a href=\"https:\/\/agora.xtec.cat\/escolalavilapalamos\/general\/grups-de-treball-de-p5\/\" title=\"Read Grups de treball de P5\">Llegeix m\u00e9s\u00bb<\/a><\/p>\n","protected":false},"author":128,"featured_media":9269,"comment_status":"open","ping_status":"closed","sticky":false,"template":"","format":"standard","meta":{"_bbp_topic_count":0,"_bbp_reply_count":0,"_bbp_total_topic_count":0,"_bbp_total_reply_count":0,"_bbp_voice_count":0,"_bbp_anonymous_reply_count":0,"_bbp_topic_count_hidden":0,"_bbp_reply_count_hidden":0,"_bbp_forum_subforum_count":0,"footnotes":""},"categories":[2,1,4],"tags":[],"class_list":["post-9268","post","type-post","status-publish","format-standard","has-post-thumbnail","hentry","category-infantil","category-general","category-portada"],"post_mailing_queue_ids":[],"_links":{"self":[{"href":"https:\/\/agora.xtec.cat\/escolalavilapalamos\/wp-json\/wp\/v2\/posts\/9268","targetHints":{"allow":["GET"]}}],"collection":[{"href":"https:\/\/agora.xtec.cat\/escolalavilapalamos\/wp-json\/wp\/v2\/posts"}],"about":[{"href":"https:\/\/agora.xtec.cat\/escolalavilapalamos\/wp-json\/wp\/v2\/types\/post"}],"author":[{"embeddable":true,"href":"https:\/\/agora.xtec.cat\/escolalavilapalamos\/wp-json\/wp\/v2\/users\/128"}],"replies":[{"embeddable":true,"href":"https:\/\/agora.xtec.cat\/escolalavilapalamos\/wp-json\/wp\/v2\/comments?post=9268"}],"version-history":[{"count":2,"href":"https:\/\/agora.xtec.cat\/escolalavilapalamos\/wp-json\/wp\/v2\/posts\/9268\/revisions"}],"predecessor-version":[{"id":9273,"href":"https:\/\/agora.xtec.cat\/escolalavilapalamos\/wp-json\/wp\/v2\/posts\/9268\/revisions\/9273"}],"wp:featuredmedia":[{"embeddable":true,"href":"https:\/\/agora.xtec.cat\/escolalavilapalamos\/wp-json\/wp\/v2\/media\/9269"}],"wp:attachment":[{"href":"https:\/\/agora.xtec.cat\/escolalavilapalamos\/wp-json\/wp\/v2\/media?parent=9268"}],"wp:term":[{"taxonomy":"category","embeddable":true,"href":"https:\/\/agora.xtec.cat\/escolalavilapalamos\/wp-json\/wp\/v2\/categories?post=9268"},{"taxonomy":"post_tag","embeddable":true,"href":"https:\/\/agora.xtec.cat\/escolalavilapalamos\/wp-json\/wp\/v2\/tags?post=9268"}],"curies":[{"name":"wp","href":"https:\/\/api.w.org\/{rel}","templated":true}]}}