{"id":9241,"date":"2021-04-16T16:45:03","date_gmt":"2021-04-16T14:45:03","guid":{"rendered":"http:\/\/agora.xtec.cat\/escolalavilapalamos\/?p=9241"},"modified":"2021-04-22T11:59:25","modified_gmt":"2021-04-22T09:59:25","slug":"els-nostres-avantpassats-sortida-de-5e-platges-de-llevant","status":"publish","type":"post","link":"https:\/\/agora.xtec.cat\/escolalavilapalamos\/general\/els-nostres-avantpassats-sortida-de-5e-platges-de-llevant\/","title":{"rendered":"Els nostres avantpassats: sortida de 5\u00e8 platges de Llevant"},"content":{"rendered":"<p>El proper dimarts 20 d&#8217;abril els alumnes de 5\u00e8 visitarem tres b\u00e9ns culturals: <strong>el castell de Sant Esteve, les barraques de s\u2019Alguer i el poblat iber de Castell<\/strong>. Durant la visita s\u2019explicar\u00e0 part de la hist\u00f2ria dels diferents indrets, els elements patrimonials i el paratge natural tot resseguint una part del cam\u00ed de ronda.<\/p>\n<p>Des de l\u2019escola, dins del treball globalitzat, estem fent un treball previ molt interessant.<\/p>\n<p>Si teniu ganes de veure la nostra visita no us perdeu les fotos clicant <a href=\"https:\/\/photos.app.goo.gl\/mogkrtDYS6pfdagW8\">aqu\u00ed<\/a><\/p>\n<p><a href=\"https:\/\/agora.xtec.cat\/escolalavilapalamos\/wp-content\/uploads\/usu897\/2021\/04\/WhatsApp-Image-2021-04-16-at-12.03.18.jpeg\"><img loading=\"lazy\" decoding=\"async\" class=\"alignnone wp-image-9242\" src=\"https:\/\/agora.xtec.cat\/escolalavilapalamos\/wp-content\/uploads\/usu897\/2021\/04\/WhatsApp-Image-2021-04-16-at-12.03.18-768x1024.jpeg\" alt=\"\" width=\"230\" height=\"306\" srcset=\"https:\/\/agora.xtec.cat\/escolalavilapalamos\/wp-content\/uploads\/usu897\/2021\/04\/WhatsApp-Image-2021-04-16-at-12.03.18-768x1024.jpeg 768w, https:\/\/agora.xtec.cat\/escolalavilapalamos\/wp-content\/uploads\/usu897\/2021\/04\/WhatsApp-Image-2021-04-16-at-12.03.18-225x300.jpeg 225w, https:\/\/agora.xtec.cat\/escolalavilapalamos\/wp-content\/uploads\/usu897\/2021\/04\/WhatsApp-Image-2021-04-16-at-12.03.18.jpeg 1536w\" sizes=\"auto, (max-width: 230px) 100vw, 230px\" \/><\/a> <a href=\"https:\/\/agora.xtec.cat\/escolalavilapalamos\/wp-content\/uploads\/usu897\/2021\/04\/WhatsApp-Image-2021-04-16-at-12.03.19-1.jpeg\"><img loading=\"lazy\" decoding=\"async\" class=\"alignnone wp-image-9243\" src=\"https:\/\/agora.xtec.cat\/escolalavilapalamos\/wp-content\/uploads\/usu897\/2021\/04\/WhatsApp-Image-2021-04-16-at-12.03.19-1-768x1024.jpeg\" alt=\"\" width=\"231\" height=\"308\" srcset=\"https:\/\/agora.xtec.cat\/escolalavilapalamos\/wp-content\/uploads\/usu897\/2021\/04\/WhatsApp-Image-2021-04-16-at-12.03.19-1-768x1024.jpeg 768w, https:\/\/agora.xtec.cat\/escolalavilapalamos\/wp-content\/uploads\/usu897\/2021\/04\/WhatsApp-Image-2021-04-16-at-12.03.19-1-225x300.jpeg 225w, https:\/\/agora.xtec.cat\/escolalavilapalamos\/wp-content\/uploads\/usu897\/2021\/04\/WhatsApp-Image-2021-04-16-at-12.03.19-1.jpeg 1536w\" sizes=\"auto, (max-width: 231px) 100vw, 231px\" \/><\/a> <a href=\"https:\/\/agora.xtec.cat\/escolalavilapalamos\/wp-content\/uploads\/usu897\/2021\/04\/WhatsApp-Image-2021-04-16-at-12.03.19.jpeg\"><img loading=\"lazy\" decoding=\"async\" class=\"alignnone wp-image-9244\" src=\"https:\/\/agora.xtec.cat\/escolalavilapalamos\/wp-content\/uploads\/usu897\/2021\/04\/WhatsApp-Image-2021-04-16-at-12.03.19-768x1024.jpeg\" alt=\"\" width=\"230\" height=\"306\" srcset=\"https:\/\/agora.xtec.cat\/escolalavilapalamos\/wp-content\/uploads\/usu897\/2021\/04\/WhatsApp-Image-2021-04-16-at-12.03.19-768x1024.jpeg 768w, https:\/\/agora.xtec.cat\/escolalavilapalamos\/wp-content\/uploads\/usu897\/2021\/04\/WhatsApp-Image-2021-04-16-at-12.03.19-225x300.jpeg 225w, https:\/\/agora.xtec.cat\/escolalavilapalamos\/wp-content\/uploads\/usu897\/2021\/04\/WhatsApp-Image-2021-04-16-at-12.03.19.jpeg 1536w\" sizes=\"auto, (max-width: 230px) 100vw, 230px\" \/><\/a><\/p>\n<p>&nbsp;<\/p>\n<p>&nbsp;<\/p>\n","protected":false},"excerpt":{"rendered":"<p>El proper dimarts 20 d&#8217;abril els alumnes de 5\u00e8 visitarem tres b\u00e9ns culturals: el castell de Sant Esteve, les barraques de s\u2019Alguer i el poblat iber de Castell. Durant la visita s\u2019explicar\u00e0 part de la hist\u00f2ria dels diferents indrets, els elements patrimonials i el paratge&hellip;  <a href=\"https:\/\/agora.xtec.cat\/escolalavilapalamos\/general\/els-nostres-avantpassats-sortida-de-5e-platges-de-llevant\/\" title=\"Read Els nostres avantpassats: sortida de 5\u00e8 platges de Llevant\">Llegeix m\u00e9s\u00bb<\/a><\/p>\n","protected":false},"author":1,"featured_media":9255,"comment_status":"open","ping_status":"closed","sticky":false,"template":"","format":"standard","meta":{"_bbp_topic_count":0,"_bbp_reply_count":0,"_bbp_total_topic_count":0,"_bbp_total_reply_count":0,"_bbp_voice_count":0,"_bbp_anonymous_reply_count":0,"_bbp_topic_count_hidden":0,"_bbp_reply_count_hidden":0,"_bbp_forum_subforum_count":0,"footnotes":""},"categories":[128,1,4,5],"tags":[],"class_list":["post-9241","post","type-post","status-publish","format-standard","has-post-thumbnail","hentry","category-comunitat-de-grans","category-general","category-portada","category-primaria"],"post_mailing_queue_ids":[],"_links":{"self":[{"href":"https:\/\/agora.xtec.cat\/escolalavilapalamos\/wp-json\/wp\/v2\/posts\/9241","targetHints":{"allow":["GET"]}}],"collection":[{"href":"https:\/\/agora.xtec.cat\/escolalavilapalamos\/wp-json\/wp\/v2\/posts"}],"about":[{"href":"https:\/\/agora.xtec.cat\/escolalavilapalamos\/wp-json\/wp\/v2\/types\/post"}],"author":[{"embeddable":true,"href":"https:\/\/agora.xtec.cat\/escolalavilapalamos\/wp-json\/wp\/v2\/users\/1"}],"replies":[{"embeddable":true,"href":"https:\/\/agora.xtec.cat\/escolalavilapalamos\/wp-json\/wp\/v2\/comments?post=9241"}],"version-history":[{"count":3,"href":"https:\/\/agora.xtec.cat\/escolalavilapalamos\/wp-json\/wp\/v2\/posts\/9241\/revisions"}],"predecessor-version":[{"id":9302,"href":"https:\/\/agora.xtec.cat\/escolalavilapalamos\/wp-json\/wp\/v2\/posts\/9241\/revisions\/9302"}],"wp:featuredmedia":[{"embeddable":true,"href":"https:\/\/agora.xtec.cat\/escolalavilapalamos\/wp-json\/wp\/v2\/media\/9255"}],"wp:attachment":[{"href":"https:\/\/agora.xtec.cat\/escolalavilapalamos\/wp-json\/wp\/v2\/media?parent=9241"}],"wp:term":[{"taxonomy":"category","embeddable":true,"href":"https:\/\/agora.xtec.cat\/escolalavilapalamos\/wp-json\/wp\/v2\/categories?post=9241"},{"taxonomy":"post_tag","embeddable":true,"href":"https:\/\/agora.xtec.cat\/escolalavilapalamos\/wp-json\/wp\/v2\/tags?post=9241"}],"curies":[{"name":"wp","href":"https:\/\/api.w.org\/{rel}","templated":true}]}}