{"id":9237,"date":"2021-04-16T12:34:58","date_gmt":"2021-04-16T10:34:58","guid":{"rendered":"http:\/\/agora.xtec.cat\/escolalavilapalamos\/?p=9237"},"modified":"2021-04-16T12:34:58","modified_gmt":"2021-04-16T10:34:58","slug":"retorn-de-la-bestreta-de-colonies","status":"publish","type":"post","link":"https:\/\/agora.xtec.cat\/escolalavilapalamos\/general\/retorn-de-la-bestreta-de-colonies\/","title":{"rendered":"Retorn de la bestreta de col\u00f2nies"},"content":{"rendered":"<p>El novembre del 2019 algunes fam\u00edlies v\u00e0reu fer un ingr\u00e9s de 50\u20ac a l\u2019escola en concepte de bestreta per anar de col\u00f2nies el curs 2019-20. Amb el confinament del curs passat per la situaci\u00f3 creada per la pand\u00e8mia va ser impossible poder realitzar les col\u00f2nies.<\/p>\n<p>A finals de curs us vam comentar que intentar\u00edem anar de col\u00f2nies aquest curs 20-21. Tot i que hem mirat de poder realitzar-les,\u00a0<strong>en aquests moments no \u00e9s possible<\/strong> portar-les a terme amb unes condicions adequades. Per aquest motiu farem\u00a0<strong>el retorn dels 50\u20ac de la bestreta a les fam\u00edlies<\/strong>.<\/p>\n<p>Lloc: secretaria i direcci\u00f3 de l\u2019escola.<\/p>\n<p><strong><u>Cursos de P5, 1r i 2n<\/u><\/strong><\/p>\n<p>De dilluns 19 a dijous 22 d\u2019abril de 8:30 a 9:30 h<\/p>\n<p>De dilluns 19 a dimecres 21 d\u2019abril de 14:30 a 15:30 h<\/p>\n<p><strong><u>Cursos de 3r i 4t<\/u><\/strong><\/p>\n<p>De dilluns 26 a dijous 30 d\u2019abril de 8:30 a 9:30 h<\/p>\n<p>De dilluns 26 a dimecres 28 d\u2019abril de 14:30 a 15:30 h<\/p>\n<p><strong><u>Cursos de 5\u00e8 i 6\u00e8<\/u><\/strong><\/p>\n<p>De dimarts 4 a dijous 6 de maig de 8:30 a 9:30 h<\/p>\n<p>De dimarts 4 a dimecres 5 de maig 14:30 a 15:30 h<\/p>\n<p><em>En el cas que no pugueu recollir personalment els diners i ho delegueu a alg\u00fa caldr\u00e0 que truqueu a l\u2019escola o ens envieu un email avisant qui recollir\u00e0 els diners.<\/em><\/p>\n","protected":false},"excerpt":{"rendered":"<p>El novembre del 2019 algunes fam\u00edlies v\u00e0reu fer un ingr\u00e9s de 50\u20ac a l\u2019escola en concepte de bestreta per anar de col\u00f2nies el curs 2019-20. Amb el confinament del curs passat per la situaci\u00f3 creada per la pand\u00e8mia va ser impossible poder realitzar les col\u00f2nies.<br \/>\nA&hellip;  <a href=\"https:\/\/agora.xtec.cat\/escolalavilapalamos\/general\/retorn-de-la-bestreta-de-colonies\/\" title=\"Read Retorn de la bestreta de col\u00f2nies\">Llegeix m\u00e9s\u00bb<\/a><\/p>\n","protected":false},"author":1,"featured_media":9238,"comment_status":"open","ping_status":"closed","sticky":false,"template":"","format":"standard","meta":{"_bbp_topic_count":0,"_bbp_reply_count":0,"_bbp_total_topic_count":0,"_bbp_total_reply_count":0,"_bbp_voice_count":0,"_bbp_anonymous_reply_count":0,"_bbp_topic_count_hidden":0,"_bbp_reply_count_hidden":0,"_bbp_forum_subforum_count":0,"footnotes":""},"categories":[1,4],"tags":[],"class_list":["post-9237","post","type-post","status-publish","format-standard","has-post-thumbnail","hentry","category-general","category-portada"],"post_mailing_queue_ids":[],"_links":{"self":[{"href":"https:\/\/agora.xtec.cat\/escolalavilapalamos\/wp-json\/wp\/v2\/posts\/9237","targetHints":{"allow":["GET"]}}],"collection":[{"href":"https:\/\/agora.xtec.cat\/escolalavilapalamos\/wp-json\/wp\/v2\/posts"}],"about":[{"href":"https:\/\/agora.xtec.cat\/escolalavilapalamos\/wp-json\/wp\/v2\/types\/post"}],"author":[{"embeddable":true,"href":"https:\/\/agora.xtec.cat\/escolalavilapalamos\/wp-json\/wp\/v2\/users\/1"}],"replies":[{"embeddable":true,"href":"https:\/\/agora.xtec.cat\/escolalavilapalamos\/wp-json\/wp\/v2\/comments?post=9237"}],"version-history":[{"count":1,"href":"https:\/\/agora.xtec.cat\/escolalavilapalamos\/wp-json\/wp\/v2\/posts\/9237\/revisions"}],"predecessor-version":[{"id":9239,"href":"https:\/\/agora.xtec.cat\/escolalavilapalamos\/wp-json\/wp\/v2\/posts\/9237\/revisions\/9239"}],"wp:featuredmedia":[{"embeddable":true,"href":"https:\/\/agora.xtec.cat\/escolalavilapalamos\/wp-json\/wp\/v2\/media\/9238"}],"wp:attachment":[{"href":"https:\/\/agora.xtec.cat\/escolalavilapalamos\/wp-json\/wp\/v2\/media?parent=9237"}],"wp:term":[{"taxonomy":"category","embeddable":true,"href":"https:\/\/agora.xtec.cat\/escolalavilapalamos\/wp-json\/wp\/v2\/categories?post=9237"},{"taxonomy":"post_tag","embeddable":true,"href":"https:\/\/agora.xtec.cat\/escolalavilapalamos\/wp-json\/wp\/v2\/tags?post=9237"}],"curies":[{"name":"wp","href":"https:\/\/api.w.org\/{rel}","templated":true}]}}