{"id":9228,"date":"2021-04-12T16:33:48","date_gmt":"2021-04-12T14:33:48","guid":{"rendered":"http:\/\/agora.xtec.cat\/escolalavilapalamos\/?p=9228"},"modified":"2021-04-12T16:42:12","modified_gmt":"2021-04-12T14:42:12","slug":"viatge-de-final-de-curs-de-6e-3","status":"publish","type":"post","link":"https:\/\/agora.xtec.cat\/escolalavilapalamos\/general\/viatge-de-final-de-curs-de-6e-3\/","title":{"rendered":"Viatge de final de curs de 6\u00e8"},"content":{"rendered":"<header class=\"entry-header\"><\/header>\n<div class=\"entry-content\">\n<p><a href=\"https:\/\/agora.xtec.cat\/escolalavilapalamos\/wp-content\/uploads\/usu897\/2017\/05\/viatge-de-final-de-curs-1-1.jpg\"><img loading=\"lazy\" decoding=\"async\" class=\"wp-image-2640 alignright\" src=\"https:\/\/agora.xtec.cat\/escolalavilapalamos\/wp-content\/uploads\/usu897\/2017\/05\/viatge-de-final-de-curs-1-1-1024x724.jpg\" sizes=\"auto, (max-width: 313px) 100vw, 313px\" srcset=\"https:\/\/agora.xtec.cat\/escolalavilapalamos\/wp-content\/uploads\/usu897\/2017\/05\/viatge-de-final-de-curs-1-1-1024x724.jpg 1024w, https:\/\/agora.xtec.cat\/escolalavilapalamos\/wp-content\/uploads\/usu897\/2017\/05\/viatge-de-final-de-curs-1-1-300x212.jpg 300w, https:\/\/agora.xtec.cat\/escolalavilapalamos\/wp-content\/uploads\/usu897\/2017\/05\/viatge-de-final-de-curs-1-1-768x543.jpg 768w\" alt=\"\" width=\"313\" height=\"221\" \/><\/a><\/p>\n<p>Aquest curs 2020-21, els vostres fills i filles acaben l&#8217;etapa d&#8217;Educaci\u00f3 Prim\u00e0ria i com cada any es fa <strong>el viatge de final de curs<\/strong>. Enguany, intentarem fer el viatge de 6\u00e8 adequat a les mesures que ens permeti la pand\u00e8mia.<\/p>\n<p>Com ja sabeu, les fam\u00edlies heu recollit diners per dur-lo a terme. La idea \u00e9s adaptar el pressupost del viatge als diners recollits de manera que no suposi cap cost addicional per a les fam\u00edlies.<\/p>\n<p>Decidirem el dest\u00ed i les activitats a l&#8217;escola, conjuntament alumnes i mestres. Est\u00e0 previst fer-lo a finals de maig o primers de juny. Per poder comen\u00e7ar a organitzar-lo, necessitar\u00edem saber el nombre total d&#8217;alumnes que vindrien. Us anirem informant !<\/p>\n<p>Descarregueu-vos l&#8217;autoritzaci\u00f3 <a href=\"https:\/\/drive.google.com\/file\/d\/1ZaqDgOdF4AFhzwrB2v0heeR1egKg96m4\/view?usp=sharing\">aqu\u00ed<\/a><\/p>\n<\/div>\n","protected":false},"excerpt":{"rendered":"<p><a href=\"https:\/\/agora.xtec.cat\/escolalavilapalamos\/wp-content\/uploads\/usu897\/2017\/05\/viatge-de-final-de-curs-1-1.jpg\"><\/a><br \/>\nAquest curs 2020-21, els vostres fills i filles acaben l&#8217;etapa d&#8217;Educaci\u00f3 Prim\u00e0ria i com cada any es fa el viatge de final de curs. Enguany, intentarem fer el viatge de 6\u00e8 adequat a les mesures que ens permeti la pand\u00e8mia.<br \/>\nCom ja sabeu, les fam\u00edlies&hellip;  <a href=\"https:\/\/agora.xtec.cat\/escolalavilapalamos\/general\/viatge-de-final-de-curs-de-6e-3\/\" title=\"Read Viatge de final de curs de 6\u00e8\">Llegeix m\u00e9s\u00bb<\/a><\/p>\n","protected":false},"author":1,"featured_media":2640,"comment_status":"open","ping_status":"closed","sticky":false,"template":"","format":"standard","meta":{"_bbp_topic_count":0,"_bbp_reply_count":0,"_bbp_total_topic_count":0,"_bbp_total_reply_count":0,"_bbp_voice_count":0,"_bbp_anonymous_reply_count":0,"_bbp_topic_count_hidden":0,"_bbp_reply_count_hidden":0,"_bbp_forum_subforum_count":0,"footnotes":""},"categories":[128,1,4],"tags":[],"class_list":["post-9228","post","type-post","status-publish","format-standard","has-post-thumbnail","hentry","category-comunitat-de-grans","category-general","category-portada"],"post_mailing_queue_ids":[],"_links":{"self":[{"href":"https:\/\/agora.xtec.cat\/escolalavilapalamos\/wp-json\/wp\/v2\/posts\/9228","targetHints":{"allow":["GET"]}}],"collection":[{"href":"https:\/\/agora.xtec.cat\/escolalavilapalamos\/wp-json\/wp\/v2\/posts"}],"about":[{"href":"https:\/\/agora.xtec.cat\/escolalavilapalamos\/wp-json\/wp\/v2\/types\/post"}],"author":[{"embeddable":true,"href":"https:\/\/agora.xtec.cat\/escolalavilapalamos\/wp-json\/wp\/v2\/users\/1"}],"replies":[{"embeddable":true,"href":"https:\/\/agora.xtec.cat\/escolalavilapalamos\/wp-json\/wp\/v2\/comments?post=9228"}],"version-history":[{"count":2,"href":"https:\/\/agora.xtec.cat\/escolalavilapalamos\/wp-json\/wp\/v2\/posts\/9228\/revisions"}],"predecessor-version":[{"id":9230,"href":"https:\/\/agora.xtec.cat\/escolalavilapalamos\/wp-json\/wp\/v2\/posts\/9228\/revisions\/9230"}],"wp:featuredmedia":[{"embeddable":true,"href":"https:\/\/agora.xtec.cat\/escolalavilapalamos\/wp-json\/wp\/v2\/media\/2640"}],"wp:attachment":[{"href":"https:\/\/agora.xtec.cat\/escolalavilapalamos\/wp-json\/wp\/v2\/media?parent=9228"}],"wp:term":[{"taxonomy":"category","embeddable":true,"href":"https:\/\/agora.xtec.cat\/escolalavilapalamos\/wp-json\/wp\/v2\/categories?post=9228"},{"taxonomy":"post_tag","embeddable":true,"href":"https:\/\/agora.xtec.cat\/escolalavilapalamos\/wp-json\/wp\/v2\/tags?post=9228"}],"curies":[{"name":"wp","href":"https:\/\/api.w.org\/{rel}","templated":true}]}}