{"id":9223,"date":"2021-04-08T20:31:11","date_gmt":"2021-04-08T18:31:11","guid":{"rendered":"http:\/\/agora.xtec.cat\/escolalavilapalamos\/?p=9223"},"modified":"2021-04-09T20:37:30","modified_gmt":"2021-04-09T18:37:30","slug":"premis-sambori-del-baix-emporda","status":"publish","type":"post","link":"https:\/\/agora.xtec.cat\/escolalavilapalamos\/general\/premis-sambori-del-baix-emporda\/","title":{"rendered":"Premis Sambori del Baix Empord\u00e0"},"content":{"rendered":"<p><a href=\"https:\/\/agora.xtec.cat\/escolalavilapalamos\/wp-content\/uploads\/usu897\/2021\/04\/WhatsApp-Image-2021-04-08-at-21.29.40.jpeg\"><img loading=\"lazy\" decoding=\"async\" class=\" wp-image-9224 alignleft\" src=\"https:\/\/agora.xtec.cat\/escolalavilapalamos\/wp-content\/uploads\/usu897\/2021\/04\/WhatsApp-Image-2021-04-08-at-21.29.40-225x300.jpeg\" alt=\"\" width=\"237\" height=\"316\" srcset=\"https:\/\/agora.xtec.cat\/escolalavilapalamos\/wp-content\/uploads\/usu897\/2021\/04\/WhatsApp-Image-2021-04-08-at-21.29.40-225x300.jpeg 225w, https:\/\/agora.xtec.cat\/escolalavilapalamos\/wp-content\/uploads\/usu897\/2021\/04\/WhatsApp-Image-2021-04-08-at-21.29.40-768x1024.jpeg 768w, https:\/\/agora.xtec.cat\/escolalavilapalamos\/wp-content\/uploads\/usu897\/2021\/04\/WhatsApp-Image-2021-04-08-at-21.29.40.jpeg 1536w\" sizes=\"auto, (max-width: 237px) 100vw, 237px\" \/><\/a>Dijous 8 d&#8217;abril es va entregar a la Biblioteca de Palam\u00f3s el premi Sambori en l\u2019edici\u00f3 2021 a la nostra alumna <strong>Yasmin Moya Rodrigues<\/strong>, de 5\u00e8 de prim\u00e0ria.<\/p>\n<p>Ha resultat premiada pel seu treball <a href=\"https:\/\/drive.google.com\/file\/d\/1soZVj-ZyQNnRlqQGsC2PaI30G0fXZXQE\/view?usp=sharing\">\u201cLa Baba i la seva neta\u201d.<\/a>Clicant l&#8217;enlla\u00e7 ho podreu llegir<\/p>\n<div class=\"project_description after_image\">\n<p><strong>El Premi Sambori<\/strong> t\u00e9 com a objectius promoure la participaci\u00f3 en un projecte com\u00fa d\u2019alumnes i centres de totes les terres de parla catalana i difondre l\u2019\u00fas del catal\u00e0 dins de l\u2019\u00e0mbit escolar, tot incentivant la imaginaci\u00f3, la creativitat i els valors pedag\u00f2gics de cada centre.<\/p>\n<p>La Fundaci\u00f3 Sambori organitza aquest concurs des del 1998 al Pa\u00eds Valenci\u00e0, i l\u2019\u00faltim any ha comptat amb la participaci\u00f3 de 100.000 alumnes. \u00d2mnium Cultural organitza el Premi Sambori \u00d2mnium a Catalunya des del 2006 i l\u2019\u00faltim curs ha comptat amb la participaci\u00f3 de m\u00e9s de 46.000 alumnes.\u00a0<strong> Un total de 140.000 alumnes que el converteix en el premi literari escolar amb m\u00e9s participants d\u2019Europa.<\/strong><\/p>\n<\/div>\n<p>Moltes felicitats a la Yasmin i a tots els altres guanyadors de les altres escoles.<\/p>\n","protected":false},"excerpt":{"rendered":"<p><a href=\"https:\/\/agora.xtec.cat\/escolalavilapalamos\/wp-content\/uploads\/usu897\/2021\/04\/WhatsApp-Image-2021-04-08-at-21.29.40.jpeg\"><\/a>Dijous 8 d&#8217;abril es va entregar a la Biblioteca de Palam\u00f3s el premi Sambori en l\u2019edici\u00f3 2021 a la nostra alumna Yasmin Moya Rodrigues, de 5\u00e8 de prim\u00e0ria.<br \/>\nHa resultat premiada pel seu treball <a href=\"https:\/\/drive.google.com\/file\/d\/1soZVj-ZyQNnRlqQGsC2PaI30G0fXZXQE\/view?usp=sharing\">\u201cLa Baba i la seva neta\u201d.<\/a>Clicant l&#8217;enlla\u00e7 ho podreu llegir<\/p>\n<p>El&hellip;  <a href=\"https:\/\/agora.xtec.cat\/escolalavilapalamos\/general\/premis-sambori-del-baix-emporda\/\" title=\"Read Premis Sambori del Baix Empord\u00e0\">Llegeix m\u00e9s\u00bb<\/a><\/p>\n","protected":false},"author":1,"featured_media":9224,"comment_status":"open","ping_status":"closed","sticky":false,"template":"","format":"standard","meta":{"_bbp_topic_count":0,"_bbp_reply_count":0,"_bbp_total_topic_count":0,"_bbp_total_reply_count":0,"_bbp_voice_count":0,"_bbp_anonymous_reply_count":0,"_bbp_topic_count_hidden":0,"_bbp_reply_count_hidden":0,"_bbp_forum_subforum_count":0,"footnotes":""},"categories":[128,1,4],"tags":[],"class_list":["post-9223","post","type-post","status-publish","format-standard","has-post-thumbnail","hentry","category-comunitat-de-grans","category-general","category-portada"],"post_mailing_queue_ids":[],"_links":{"self":[{"href":"https:\/\/agora.xtec.cat\/escolalavilapalamos\/wp-json\/wp\/v2\/posts\/9223","targetHints":{"allow":["GET"]}}],"collection":[{"href":"https:\/\/agora.xtec.cat\/escolalavilapalamos\/wp-json\/wp\/v2\/posts"}],"about":[{"href":"https:\/\/agora.xtec.cat\/escolalavilapalamos\/wp-json\/wp\/v2\/types\/post"}],"author":[{"embeddable":true,"href":"https:\/\/agora.xtec.cat\/escolalavilapalamos\/wp-json\/wp\/v2\/users\/1"}],"replies":[{"embeddable":true,"href":"https:\/\/agora.xtec.cat\/escolalavilapalamos\/wp-json\/wp\/v2\/comments?post=9223"}],"version-history":[{"count":2,"href":"https:\/\/agora.xtec.cat\/escolalavilapalamos\/wp-json\/wp\/v2\/posts\/9223\/revisions"}],"predecessor-version":[{"id":9226,"href":"https:\/\/agora.xtec.cat\/escolalavilapalamos\/wp-json\/wp\/v2\/posts\/9223\/revisions\/9226"}],"wp:featuredmedia":[{"embeddable":true,"href":"https:\/\/agora.xtec.cat\/escolalavilapalamos\/wp-json\/wp\/v2\/media\/9224"}],"wp:attachment":[{"href":"https:\/\/agora.xtec.cat\/escolalavilapalamos\/wp-json\/wp\/v2\/media?parent=9223"}],"wp:term":[{"taxonomy":"category","embeddable":true,"href":"https:\/\/agora.xtec.cat\/escolalavilapalamos\/wp-json\/wp\/v2\/categories?post=9223"},{"taxonomy":"post_tag","embeddable":true,"href":"https:\/\/agora.xtec.cat\/escolalavilapalamos\/wp-json\/wp\/v2\/tags?post=9223"}],"curies":[{"name":"wp","href":"https:\/\/api.w.org\/{rel}","templated":true}]}}