{"id":9214,"date":"2021-04-09T16:35:46","date_gmt":"2021-04-09T14:35:46","guid":{"rendered":"http:\/\/agora.xtec.cat\/escolalavilapalamos\/?p=9214"},"modified":"2021-04-09T17:38:15","modified_gmt":"2021-04-09T15:38:15","slug":"el-castell-de-st-esteve","status":"publish","type":"post","link":"https:\/\/agora.xtec.cat\/escolalavilapalamos\/portada\/el-castell-de-st-esteve\/","title":{"rendered":"El castell de St. Esteve"},"content":{"rendered":"<p>Durant el segon trimestre, a les sessions de treball globalitzat, els alumnes de 4t hem estat treballant el pas del temps, des de la prehist\u00f2ria fins als nostres dies sense oblidar d&#8217;imaginar-nos com ser\u00e0 el futur.<\/p>\n<p>Per acabar el projecte i lligar-lo amb el nostre entorn proper, \u00e9s a dir amb Palam\u00f3s, hem fet una sortida per visitar el castell de St.Esteve de la Fosca, de l\u2019edat mitjana. All\u00e0, en Ra\u00fcl ens ha explicat com ha anat evolucionant aquest castell al llarg de la hist\u00f2ria.<\/p>\n<p>Hem descobert que Palam\u00f3s i voltants ha estat habitat des de la prehist\u00f2ria, com aix\u00ed ho podem veure amb les restes \u00edbers del poblat de Castell.<\/p>\n<p>La visita l\u2019hem fet amb grups bombolla. Mentre esper\u00e0vem, els altres grups\u00a0 hem tingut temps per dibuixar-lo des de fora. I fins i tot hem tingut temps per jugar una estona.<a href=\"https:\/\/agora.xtec.cat\/escolalavilapalamos\/wp-content\/uploads\/usu897\/2021\/04\/collage-min.jpg\"><img loading=\"lazy\" decoding=\"async\" class=\"aligncenter size-medium wp-image-9217\" src=\"https:\/\/agora.xtec.cat\/escolalavilapalamos\/wp-content\/uploads\/usu897\/2021\/04\/collage-min-300x300.jpg\" alt=\"\" width=\"300\" height=\"300\" srcset=\"https:\/\/agora.xtec.cat\/escolalavilapalamos\/wp-content\/uploads\/usu897\/2021\/04\/collage-min-300x300.jpg 300w, https:\/\/agora.xtec.cat\/escolalavilapalamos\/wp-content\/uploads\/usu897\/2021\/04\/collage-min-150x150.jpg 150w, https:\/\/agora.xtec.cat\/escolalavilapalamos\/wp-content\/uploads\/usu897\/2021\/04\/collage-min-768x768.jpg 768w, https:\/\/agora.xtec.cat\/escolalavilapalamos\/wp-content\/uploads\/usu897\/2021\/04\/collage-min-1024x1024.jpg 1024w\" sizes=\"auto, (max-width: 300px) 100vw, 300px\" \/><\/a><\/p>\n<p>&nbsp;<\/p>\n<p>&nbsp;<\/p>\n","protected":false},"excerpt":{"rendered":"<p>Durant el segon trimestre, a les sessions de treball globalitzat, els alumnes de 4t hem estat treballant el pas del temps, des de la prehist\u00f2ria fins als nostres dies sense oblidar d&#8217;imaginar-nos com ser\u00e0 el futur.<br \/>\nPer acabar el projecte i lligar-lo amb el nostre entorn&hellip;  <a href=\"https:\/\/agora.xtec.cat\/escolalavilapalamos\/portada\/el-castell-de-st-esteve\/\" title=\"Read El castell de St. Esteve\">Llegeix m\u00e9s\u00bb<\/a><\/p>\n","protected":false},"author":132,"featured_media":9217,"comment_status":"open","ping_status":"closed","sticky":false,"template":"","format":"standard","meta":{"_bbp_topic_count":0,"_bbp_reply_count":0,"_bbp_total_topic_count":0,"_bbp_total_reply_count":0,"_bbp_voice_count":0,"_bbp_anonymous_reply_count":0,"_bbp_topic_count_hidden":0,"_bbp_reply_count_hidden":0,"_bbp_forum_subforum_count":0,"footnotes":""},"categories":[128,4],"tags":[],"class_list":["post-9214","post","type-post","status-publish","format-standard","has-post-thumbnail","hentry","category-comunitat-de-grans","category-portada"],"post_mailing_queue_ids":[],"_links":{"self":[{"href":"https:\/\/agora.xtec.cat\/escolalavilapalamos\/wp-json\/wp\/v2\/posts\/9214","targetHints":{"allow":["GET"]}}],"collection":[{"href":"https:\/\/agora.xtec.cat\/escolalavilapalamos\/wp-json\/wp\/v2\/posts"}],"about":[{"href":"https:\/\/agora.xtec.cat\/escolalavilapalamos\/wp-json\/wp\/v2\/types\/post"}],"author":[{"embeddable":true,"href":"https:\/\/agora.xtec.cat\/escolalavilapalamos\/wp-json\/wp\/v2\/users\/132"}],"replies":[{"embeddable":true,"href":"https:\/\/agora.xtec.cat\/escolalavilapalamos\/wp-json\/wp\/v2\/comments?post=9214"}],"version-history":[{"count":2,"href":"https:\/\/agora.xtec.cat\/escolalavilapalamos\/wp-json\/wp\/v2\/posts\/9214\/revisions"}],"predecessor-version":[{"id":9221,"href":"https:\/\/agora.xtec.cat\/escolalavilapalamos\/wp-json\/wp\/v2\/posts\/9214\/revisions\/9221"}],"wp:featuredmedia":[{"embeddable":true,"href":"https:\/\/agora.xtec.cat\/escolalavilapalamos\/wp-json\/wp\/v2\/media\/9217"}],"wp:attachment":[{"href":"https:\/\/agora.xtec.cat\/escolalavilapalamos\/wp-json\/wp\/v2\/media?parent=9214"}],"wp:term":[{"taxonomy":"category","embeddable":true,"href":"https:\/\/agora.xtec.cat\/escolalavilapalamos\/wp-json\/wp\/v2\/categories?post=9214"},{"taxonomy":"post_tag","embeddable":true,"href":"https:\/\/agora.xtec.cat\/escolalavilapalamos\/wp-json\/wp\/v2\/tags?post=9214"}],"curies":[{"name":"wp","href":"https:\/\/api.w.org\/{rel}","templated":true}]}}